{"id":241947,"date":"2022-03-08T06:53:11","date_gmt":"2022-03-08T05:53:11","guid":{"rendered":"https:\/\/zjarr.tv\/?p=241947"},"modified":"2022-03-08T06:53:11","modified_gmt":"2022-03-08T05:53:11","slug":"dha-doreheqjen-nga-te-gjitha-funksionet-ne-pd-reagon-per-here-te-pare-agron-gjekmarkaj-te-beje-nje-hap-pas-sb-dhe-lb","status":"publish","type":"post","link":"https:\/\/zjarr.tv\/en\/dha-doreheqjen-nga-te-gjitha-funksionet-ne-pd-reagon-per-here-te-pare-agron-gjekmarkaj-te-beje-nje-hap-pas-sb-dhe-lb\/","title":{"rendered":"Dha dor\u00ebheqjen nga t\u00eb gjitha funksionet n\u00eb PD, reagon p\u00ebr her\u00eb t\u00eb par\u00eb Agron Gjekmarkaj: T\u00eb b\u00ebj\u00eb nj\u00eb hap pas SB dhe LB"},"content":{"rendered":"<p>Agron Gjekmarkaj ka reaguar p\u00ebr her\u00eb t\u00eb par\u00eb pasi dha dor\u00ebheqjen nga t\u00eb gjitha funksionet n\u00eb Partin\u00eb Demokratike, teksa deklaroi se do t\u00eb ngelej vet\u00ebm deputet i PD.<\/p>\n<p>N\u00eb nj\u00eb postim n\u00eb rrjetet sociale, ai thot\u00eb se PD po rrezikon t\u00eb shuhet, ndaj Basha dhe Berisha duhet t\u00eb b\u00ebjn\u00eb nj\u00eb hap pas. Sipas tij, duhet t\u00eb ngrihet nj\u00eb komision q\u00eb t\u00eb d\u00ebrgoj\u00eb PD n\u00eb zgjedhje p\u00ebr t\u00eb mir\u00ebn e demokrat\u00ebve.<\/p>\n<p>\u201cJap dor\u00ebheqjen nga funksionet politike brenda PD-s\u00eb, dor\u00ebhiqem nga funksionet q\u00eb mbaj.<\/p>\n<p>T\u00eb b\u00ebj nj\u00eb hap pas SB dhe LB.<\/p>\n<p>Ne po rrezikojm\u00eb t\u00eb shuhemi, un\u00eb e ndiej dhe marr p\u00ebrgjegj\u00ebsi.<\/p>\n<p>Kam ndier m\u00ebrzitjen njer\u00ebzve para fytyr\u00ebs sime, ua kam borxh atyre marrjen e p\u00ebrgjegj\u00ebsive.<\/p>\n<p>Duhet t\u00eb ngrihet nj\u00eb komision q\u00eb t\u00eb d\u00ebrgoj\u00eb PD n\u00eb zgjedhje p\u00ebr t\u00eb mir\u00ebn e demokrat\u00ebve.<\/p>\n<p>T\u00eb b\u00ebhet gar\u00eb, gara nxjerr lider. Rroft\u00eb PD\u201d, shkruan Gjekmarkaj.<\/p>","protected":false},"excerpt":{"rendered":"<p>Agron Gjekmarkaj ka reaguar p\u00ebr her\u00eb t\u00eb par\u00eb pasi dha dor\u00ebheqjen nga t\u00eb gjitha funksionet n\u00eb Partin\u00eb Demokratike, teksa deklaroi se do t\u00eb ngelej vet\u00ebm deputet i PD. N\u00eb nj\u00eb postim n\u00eb rrjetet sociale, ai thot\u00eb se PD po rrezikon t\u00eb shuhet, ndaj Basha dhe Berisha duhet t\u00eb b\u00ebjn\u00eb nj\u00eb hap pas. Sipas tij, duhet [&hellip;]<\/p>\n","protected":false},"author":2031,"featured_media":181250,"comment_status":"closed","ping_status":"closed","sticky":false,"template":"","format":"standard","meta":{"footnotes":""},"categories":[231],"tags":[2757,312,458],"class_list":{"0":"post-241947","1":"post","2":"type-post","3":"status-publish","4":"format-standard","5":"has-post-thumbnail","7":"category-lajme","8":"tag-gjekmarkaj","9":"tag-lajme","10":"tag-zjarrtv"},"_links":{"self":[{"href":"https:\/\/zjarr.tv\/en\/wp-json\/wp\/v2\/posts\/241947","targetHints":{"allow":["GET"]}}],"collection":[{"href":"https:\/\/zjarr.tv\/en\/wp-json\/wp\/v2\/posts"}],"about":[{"href":"https:\/\/zjarr.tv\/en\/wp-json\/wp\/v2\/types\/post"}],"author":[{"embeddable":true,"href":"https:\/\/zjarr.tv\/en\/wp-json\/wp\/v2\/users\/2031"}],"replies":[{"embeddable":true,"href":"https:\/\/zjarr.tv\/en\/wp-json\/wp\/v2\/comments?post=241947"}],"version-history":[{"count":0,"href":"https:\/\/zjarr.tv\/en\/wp-json\/wp\/v2\/posts\/241947\/revisions"}],"wp:featuredmedia":[{"embeddable":true,"href":"https:\/\/zjarr.tv\/en\/wp-json\/wp\/v2\/media\/181250"}],"wp:attachment":[{"href":"https:\/\/zjarr.tv\/en\/wp-json\/wp\/v2\/media?parent=241947"}],"wp:term":[{"taxonomy":"category","embeddable":true,"href":"https:\/\/zjarr.tv\/en\/wp-json\/wp\/v2\/categories?post=241947"},{"taxonomy":"post_tag","embeddable":true,"href":"https:\/\/zjarr.tv\/en\/wp-json\/wp\/v2\/tags?post=241947"}],"curies":[{"name":"wp","href":"https:\/\/api.w.org\/{rel}","templated":true}]}}