{"id":241951,"date":"2022-03-08T06:54:38","date_gmt":"2022-03-08T05:54:38","guid":{"rendered":"https:\/\/zjarr.tv\/?p=241951"},"modified":"2022-03-08T06:54:38","modified_gmt":"2022-03-08T05:54:38","slug":"grida-duma-i-kthehet-ashper-bashes-a-ndjen-pergjegjesi-morale-per-humbjen-sali-berisha-ju-mundi-jo-vetem-ju-por-edhe-pd-ne","status":"publish","type":"post","link":"https:\/\/zjarr.tv\/en\/grida-duma-i-kthehet-ashper-bashes-a-ndjen-pergjegjesi-morale-per-humbjen-sali-berisha-ju-mundi-jo-vetem-ju-por-edhe-pd-ne\/","title":{"rendered":"Grida Duma i kthehet ashp\u00ebr Bash\u00ebs: A ndjen p\u00ebrgjegj\u00ebsi morale p\u00ebr humbjen? Sali Berisha ju mundi jo vet\u00ebm ju, por edhe PD-n\u00eb"},"content":{"rendered":"<p>N\u00ebnkryetarja e Partis\u00eb Demokratike, Grida Duma, ka dal\u00eb kund\u00ebr Lulzim Bash\u00ebs n\u00eb mbledhjen e Grupit Parlamentar q\u00eb po zhvillohet n\u00eb selin\u00eb e PD-s\u00eb.<\/p>\n<p>Ajo e ka pyetur Bash\u00ebn n\u00ebse ndjen p\u00ebrgjegj\u00ebsi morale p\u00ebr humbjet e zgjedhjeve, nd\u00ebrsa e ka akuzuar se beteja e tij me Berish\u00ebn e ka shkat\u00ebrruar Partin\u00eb Demokratike. Sipas saj, Berisha duke dashur t\u00eb mund\u00eb Bash\u00ebn, fitoi ndaj t\u00eb gjith\u00eb PD-s\u00eb, teksa shti se Basha gaboi kur u shpreh se n\u00ebse ik\u00ebn ai, partin\u00eb do e marr\u00eb Sali Berisha.<\/p>\n<p>\u201cTani para se t\u00eb na drejtohesh ne me pyetje, kam un\u00eb nj\u00eb pyetje p\u00ebr ty: A ndjen ti kryetar p\u00ebrgjegj\u00ebsi morale personale p\u00ebr k\u00ebt\u00eb humbje? Lideri n\u00eb nj\u00eb parti politike \u00ebsht\u00eb 90 % dhe numrat dy, tre apo 27, \u00e7far\u00ebdo t\u00eb b\u00ebjn\u00eb, nuk e z\u00ebvend\u00ebsojn\u00eb dot, as p\u00ebrmir\u00ebsojn\u00eb dot liderin. D\u00ebgjova q\u00eb e nis\u00ebt fjal\u00ebn tuaj kryetar duke th\u00ebn\u00eb, ose me mua ose k\u00ebtu do t\u2019ju vij\u00eb Sali Berisha. Sali Berisha duke dashur t\u2019ju mund\u00eb ju, mundi Partin\u00eb Demokratike.<\/p>\n<p>N\u00eb k\u00ebt\u00eb gar\u00eb p\u00ebr shkak t\u00eb luft\u00ebs midis Sali Berish\u00ebs dhe jush, humbi Partia demokratike. N\u00eb k\u00ebt\u00eb betej\u00eb ne b\u00ebm\u00eb gjith\u00e7ka t\u00eb mos e b\u00ebnim betej\u00ebn Berisha kund\u00ebr Bash\u00ebs, por nuk e evituam dot. Ju thoni sot k\u00ebtu \u201co t\u00eb jem une ose k\u00ebtu do jet\u00eb Sali Berisha\u201d, pra o un\u00eb, o askush nuk mundet. \u00c7\u2019ka do t\u00eb thot\u00eb q\u00eb kulti i individit q\u00eb po luftojm\u00eb \u00ebsht\u00eb edhe m\u00eb i rr\u00ebnjosur\u201d, tha Grida Duma.<\/p>","protected":false},"excerpt":{"rendered":"<p>N\u00ebnkryetarja e Partis\u00eb Demokratike, Grida Duma, ka dal\u00eb kund\u00ebr Lulzim Bash\u00ebs n\u00eb mbledhjen e Grupit Parlamentar q\u00eb po zhvillohet n\u00eb selin\u00eb e PD-s\u00eb. Ajo e ka pyetur Bash\u00ebn n\u00ebse ndjen p\u00ebrgjegj\u00ebsi morale p\u00ebr humbjet e zgjedhjeve, nd\u00ebrsa e ka akuzuar se beteja e tij me Berish\u00ebn e ka shkat\u00ebrruar Partin\u00eb Demokratike. Sipas saj, Berisha duke [&hellip;]<\/p>\n","protected":false},"author":2031,"featured_media":187600,"comment_status":"closed","ping_status":"closed","sticky":false,"template":"","format":"standard","meta":{"footnotes":""},"categories":[231],"tags":[],"class_list":{"0":"post-241951","1":"post","2":"type-post","3":"status-publish","4":"format-standard","5":"has-post-thumbnail","7":"category-lajme"},"_links":{"self":[{"href":"https:\/\/zjarr.tv\/en\/wp-json\/wp\/v2\/posts\/241951","targetHints":{"allow":["GET"]}}],"collection":[{"href":"https:\/\/zjarr.tv\/en\/wp-json\/wp\/v2\/posts"}],"about":[{"href":"https:\/\/zjarr.tv\/en\/wp-json\/wp\/v2\/types\/post"}],"author":[{"embeddable":true,"href":"https:\/\/zjarr.tv\/en\/wp-json\/wp\/v2\/users\/2031"}],"replies":[{"embeddable":true,"href":"https:\/\/zjarr.tv\/en\/wp-json\/wp\/v2\/comments?post=241951"}],"version-history":[{"count":0,"href":"https:\/\/zjarr.tv\/en\/wp-json\/wp\/v2\/posts\/241951\/revisions"}],"wp:featuredmedia":[{"embeddable":true,"href":"https:\/\/zjarr.tv\/en\/wp-json\/wp\/v2\/media\/187600"}],"wp:attachment":[{"href":"https:\/\/zjarr.tv\/en\/wp-json\/wp\/v2\/media?parent=241951"}],"wp:term":[{"taxonomy":"category","embeddable":true,"href":"https:\/\/zjarr.tv\/en\/wp-json\/wp\/v2\/categories?post=241951"},{"taxonomy":"post_tag","embeddable":true,"href":"https:\/\/zjarr.tv\/en\/wp-json\/wp\/v2\/tags?post=241951"}],"curies":[{"name":"wp","href":"https:\/\/api.w.org\/{rel}","templated":true}]}}