{"id":241954,"date":"2022-03-08T06:59:08","date_gmt":"2022-03-08T05:59:08","guid":{"rendered":"https:\/\/zjarr.tv\/?p=241954"},"modified":"2022-03-08T06:59:08","modified_gmt":"2022-03-08T05:59:08","slug":"pas-5-muajve-na-pane-ne-sy-belind-kellici-fton-deputetet-demokrate-te-braktisin-bashen-sonte-se-neser-mund-te-jete-shume-vone","status":"publish","type":"post","link":"https:\/\/zjarr.tv\/en\/pas-5-muajve-na-pane-ne-sy-belind-kellici-fton-deputetet-demokrate-te-braktisin-bashen-sonte-se-neser-mund-te-jete-shume-vone\/","title":{"rendered":"\u201cPas 5 muajve na pan\u00eb n\u00eb sy\u201d, Belind K\u00eblli\u00e7i fton deputet\u00ebt demokrat\u00eb t\u00eb braktisin Bash\u00ebn: Sonte, se nes\u00ebr mund t\u00eb jet\u00eb shum\u00eb von\u00eb"},"content":{"rendered":"<p>Deputeti demokrat Belind K\u00eblli\u00e7i, i cili \u00ebsht\u00eb kryetar i Komisionit t\u00eb Rithemelimit t\u00eb PD-s\u00eb, \u00ebsht\u00eb shprehur mbr\u00ebmjen e sotme se koleg\u00ebt e tij mb\u00ebshtet\u00ebs t\u00eb Bash\u00ebs i kan\u00eb folur p\u00ebr her\u00eb t\u00eb par\u00eb pas 5 muajve, duke e par\u00eb n\u00eb sy dhe jo si armik.<\/p>\n<p>Ai i k\u00ebrkoi deputet\u00ebve demokrat\u00eb q\u00eb t\u00eb braktisin Bash\u00ebn sa m\u00eb shpejt t\u00eb jet\u00eb e mundur, pasi sa m\u00eb shum\u00eb t\u00eb vonohen, aq m\u00eb keq \u00ebsht\u00eb kjo p\u00ebr Partin\u00eb demokratike.<\/p>\n<p>\u201cM\u00eb vjen mir\u00eb q\u00eb pas 5 muajsh, ata me t\u00eb cil\u00ebt kemi b\u00ebr\u00eb udh\u00ebtimin ton\u00eb s\u00eb bashku, sot kishin kurajon p\u00ebr t\u00eb na folur, p\u00ebr t\u00eb na par\u00eb n\u00eb sy dhe p\u00ebr t\u00eb mos na par\u00eb si armiq. Deri m\u00eb sot jemi konsideruar armiq, sikur jemi pala kund\u00ebrshtare, kur nd\u00ebrkoh\u00eb jemi nga e nj\u00ebjta forc\u00eb politike. Ndryshimi i vet\u00ebm \u00ebsht\u00eb se nuk kemi mb\u00ebshtetur Lulzim Bash\u00ebn n\u00eb marr\u00ebzin\u00eb e vet politike.<\/p>\n<p> Jan\u00eb shum\u00eb t\u00eb mir\u00ebpritur q\u00eb t\u00eb gjith\u00eb t\u00eb distancohen nga Lulzim Basha. Sonte, se nes\u00ebr \u00ebsht\u00eb shum\u00eb von\u00eb\u201d, tha K\u00eblli\u00e7i n\u00eb A2CNN.<\/p>","protected":false},"excerpt":{"rendered":"<p>Deputeti demokrat Belind K\u00eblli\u00e7i, i cili \u00ebsht\u00eb kryetar i Komisionit t\u00eb Rithemelimit t\u00eb PD-s\u00eb, \u00ebsht\u00eb shprehur mbr\u00ebmjen e sotme se koleg\u00ebt e tij mb\u00ebshtet\u00ebs t\u00eb Bash\u00ebs i kan\u00eb folur p\u00ebr her\u00eb t\u00eb par\u00eb pas 5 muajve, duke e par\u00eb n\u00eb sy dhe jo si armik. Ai i k\u00ebrkoi deputet\u00ebve demokrat\u00eb q\u00eb t\u00eb braktisin Bash\u00ebn sa [&hellip;]<\/p>\n","protected":false},"author":2031,"featured_media":241956,"comment_status":"closed","ping_status":"closed","sticky":false,"template":"","format":"standard","meta":{"footnotes":""},"categories":[231],"tags":[],"class_list":{"0":"post-241954","1":"post","2":"type-post","3":"status-publish","4":"format-standard","5":"has-post-thumbnail","7":"category-lajme"},"_links":{"self":[{"href":"https:\/\/zjarr.tv\/en\/wp-json\/wp\/v2\/posts\/241954","targetHints":{"allow":["GET"]}}],"collection":[{"href":"https:\/\/zjarr.tv\/en\/wp-json\/wp\/v2\/posts"}],"about":[{"href":"https:\/\/zjarr.tv\/en\/wp-json\/wp\/v2\/types\/post"}],"author":[{"embeddable":true,"href":"https:\/\/zjarr.tv\/en\/wp-json\/wp\/v2\/users\/2031"}],"replies":[{"embeddable":true,"href":"https:\/\/zjarr.tv\/en\/wp-json\/wp\/v2\/comments?post=241954"}],"version-history":[{"count":0,"href":"https:\/\/zjarr.tv\/en\/wp-json\/wp\/v2\/posts\/241954\/revisions"}],"wp:featuredmedia":[{"embeddable":true,"href":"https:\/\/zjarr.tv\/en\/wp-json\/wp\/v2\/media\/241956"}],"wp:attachment":[{"href":"https:\/\/zjarr.tv\/en\/wp-json\/wp\/v2\/media?parent=241954"}],"wp:term":[{"taxonomy":"category","embeddable":true,"href":"https:\/\/zjarr.tv\/en\/wp-json\/wp\/v2\/categories?post=241954"},{"taxonomy":"post_tag","embeddable":true,"href":"https:\/\/zjarr.tv\/en\/wp-json\/wp\/v2\/tags?post=241954"}],"curies":[{"name":"wp","href":"https:\/\/api.w.org\/{rel}","templated":true}]}}