{"id":241959,"date":"2022-03-08T07:10:34","date_gmt":"2022-03-08T06:10:34","guid":{"rendered":"https:\/\/zjarr.tv\/?p=241959"},"modified":"2022-03-08T07:10:34","modified_gmt":"2022-03-08T06:10:34","slug":"gjekmarkaj-eshte-idiot-i-dobishem-shkullaku-nese-ne-pd-ka-akoma-njerez-me-ideale-ta-cojne-partine-drejt-zgjedhjeve","status":"publish","type":"post","link":"https:\/\/zjarr.tv\/en\/gjekmarkaj-eshte-idiot-i-dobishem-shkullaku-nese-ne-pd-ka-akoma-njerez-me-ideale-ta-cojne-partine-drejt-zgjedhjeve\/","title":{"rendered":"\u201cGjekmarkaj \u00ebsht\u00eb idiot i dobish\u00ebm\u201d, Shkullaku: N\u00ebse n\u00eb PD ka akoma njer\u00ebz me ideale, ta \u00e7ojn\u00eb partin\u00eb drejt zgjedhjeve"},"content":{"rendered":"<p>Gazetari Armand Shkullaku thot\u00eb se demokrat\u00ebt q\u00eb deri sot i kan\u00eb q\u00ebndruar pran\u00eb kryetarit Lulzim Bash, duhet ta d\u00ebrgojn\u00eb Partin\u00eb Demokratike drejt zgjedhjeve, n\u00ebse \u201cjan\u00eb aty p\u00ebr ideale dhe jo p\u00ebr pazare\u201d.<\/p>\n<p>Shkullaku e quajti deputetin Agron Gjekmarkaj nj\u00eb \u201cidiot t\u00eb dobish\u00ebm\u201d q\u00eb e kuptoi shum\u00eb von\u00eb situat\u00ebn n\u00eb PD. Gazetari tha n\u00eb emisionin \u201cOpinion\u201d, se n\u00eb k\u00ebto zgjedhje t\u00eb pjesshme vendore humb\u00ebse ishte edhe ambasada amerikane, pasi u p\u00ebrfshi duke k\u00ebrkuar t\u00eb mos votoheshin kandidat\u00ebt e personave \u201cnon-grata\u201d.<\/p>\n<p>\u201cN\u00ebse n\u00eb PD-n\u00eb e vul\u00ebs ka akoma njer\u00ebz q\u00eb kan\u00eb hyr\u00eb p\u00ebr ideale dhe jo p\u00ebr pazare, ata q\u00eb nes\u00ebr duhet t\u00eb marrin nj\u00eb vendim t\u00eb \u00e7ojn\u00eb PD-n\u00eb drejt zgjedhjeve, drejt nj\u00eb procesi ku secili t\u00eb votohet dhe t\u00eb marr\u00eb mb\u00ebshtetjen.<\/p>\n<p>Gjekmarkaj e kuptoi shum\u00eb von\u00eb, k\u00ebta jan\u00eb idiot\u00eb t\u00eb dobish\u00ebm. P\u00ebrve\u00e7 Bash\u00ebs, ka humbur dhe ambasada amerikane, se vuri nj\u00eb bast shum\u00eb t\u00eb fort\u00eb. Ambasadorja doli dhe tha mos votoni ata persona q\u00eb jan\u00eb non-grata\u201d, u shpreh Shkullaku.<\/p>","protected":false},"excerpt":{"rendered":"<p>Gazetari Armand Shkullaku thot\u00eb se demokrat\u00ebt q\u00eb deri sot i kan\u00eb q\u00ebndruar pran\u00eb kryetarit Lulzim Bash, duhet ta d\u00ebrgojn\u00eb Partin\u00eb Demokratike drejt zgjedhjeve, n\u00ebse \u201cjan\u00eb aty p\u00ebr ideale dhe jo p\u00ebr pazare\u201d. Shkullaku e quajti deputetin Agron Gjekmarkaj nj\u00eb \u201cidiot t\u00eb dobish\u00ebm\u201d q\u00eb e kuptoi shum\u00eb von\u00eb situat\u00ebn n\u00eb PD. Gazetari tha n\u00eb emisionin \u201cOpinion\u201d, [&hellip;]<\/p>\n","protected":false},"author":2031,"featured_media":177205,"comment_status":"closed","ping_status":"closed","sticky":false,"template":"","format":"standard","meta":{"footnotes":""},"categories":[231],"tags":[],"class_list":{"0":"post-241959","1":"post","2":"type-post","3":"status-publish","4":"format-standard","5":"has-post-thumbnail","7":"category-lajme"},"_links":{"self":[{"href":"https:\/\/zjarr.tv\/en\/wp-json\/wp\/v2\/posts\/241959","targetHints":{"allow":["GET"]}}],"collection":[{"href":"https:\/\/zjarr.tv\/en\/wp-json\/wp\/v2\/posts"}],"about":[{"href":"https:\/\/zjarr.tv\/en\/wp-json\/wp\/v2\/types\/post"}],"author":[{"embeddable":true,"href":"https:\/\/zjarr.tv\/en\/wp-json\/wp\/v2\/users\/2031"}],"replies":[{"embeddable":true,"href":"https:\/\/zjarr.tv\/en\/wp-json\/wp\/v2\/comments?post=241959"}],"version-history":[{"count":0,"href":"https:\/\/zjarr.tv\/en\/wp-json\/wp\/v2\/posts\/241959\/revisions"}],"wp:featuredmedia":[{"embeddable":true,"href":"https:\/\/zjarr.tv\/en\/wp-json\/wp\/v2\/media\/177205"}],"wp:attachment":[{"href":"https:\/\/zjarr.tv\/en\/wp-json\/wp\/v2\/media?parent=241959"}],"wp:term":[{"taxonomy":"category","embeddable":true,"href":"https:\/\/zjarr.tv\/en\/wp-json\/wp\/v2\/categories?post=241959"},{"taxonomy":"post_tag","embeddable":true,"href":"https:\/\/zjarr.tv\/en\/wp-json\/wp\/v2\/tags?post=241959"}],"curies":[{"name":"wp","href":"https:\/\/api.w.org\/{rel}","templated":true}]}}