{"id":241970,"date":"2022-03-08T10:05:41","date_gmt":"2022-03-08T09:05:41","guid":{"rendered":"https:\/\/zjarr.tv\/?p=241970"},"modified":"2022-03-08T10:05:41","modified_gmt":"2022-03-08T09:05:41","slug":"punen-qe-bejne-femrat-zor-se-ja-dalin-meshkujt-artan-lame-me-mesazh-per-8-marsin-ej-ju-burrat-e-kadastres-sot-ne-tavolinen-e-kolegeve-tuaja-duhet-te-kete-nje-lule","status":"publish","type":"post","link":"https:\/\/zjarr.tv\/en\/punen-qe-bejne-femrat-zor-se-ja-dalin-meshkujt-artan-lame-me-mesazh-per-8-marsin-ej-ju-burrat-e-kadastres-sot-ne-tavolinen-e-kolegeve-tuaja-duhet-te-kete-nje-lule\/","title":{"rendered":"\u201cPun\u00ebn q\u00eb b\u00ebjn\u00eb femrat, zor se ja dalin meshkujt\u201d, Artan Lame me mesazh p\u00ebr 8 Marsin: Ej ju, burrat e Kadastr\u00ebs, sot n\u00eb tavolin\u00ebn e kolegeve tuaja duhet t\u00eb ket\u00eb nj\u00eb lule"},"content":{"rendered":"<p>Kreu i Kadastr\u00ebs Shqiptare Artan Lame ka shp\u00ebrndar\u00eb nj\u00eb mesazh t\u00eb ve\u00e7ant\u00eb ne fest\u00ebn e 8 Marsit, Dit\u00ebn Nd\u00ebrkomb\u00ebtare t\u00eb Gruas.<\/p>\n<p>Me an\u00eb t\u00eb nj\u00eb postimi n\u00eb rrjetet sociale ai shkruan se megjith\u00ebse jetojm\u00eb n\u00eb epok\u00ebn e barazis\u00eb gjinore me ligj, tek Kadastra del q\u00eb \u00ebsht\u00eb tejkaluar ky detyrim ligjor.<\/p>\n<p>Ai thot\u00eb se kjo ka ndodhur pasi pun\u00ebn q\u00eb e b\u00ebjn\u00eb femrat zor se e b\u00ebjn\u00eb meshkujt. Nd\u00ebr t\u00eb tjera ai u b\u00ebn thirrje burrave t\u00eb Kadastr\u00ebs q\u00eb sot n\u00eb tavolin\u00eb e kolegeve t\u00eb tyre t\u00eb ket\u00eb nj\u00eb lule n\u00eb shenj\u00eb falenderimi.<\/p>\n<p>Postimi i plot\u00eb i Lames:<\/p>\n<p>8 MARSI<\/p>\n<p>Me terminologjin\u00eb moderne, mua i bie t\u00eb m\u00eb katalogojn\u00eb p\u00ebr \u201cmaskilist\u201d, apo \u201cburr\u00eb zamani\u201d si\u00e7 i thonin q\u00ebmoti. Burr\u00eb zamani i th\u00ebn\u00e7in, se n\u00eb pun\u00eb jam i rrethuar nga gra e vajza, q\u00eb nga rolet m\u00eb t\u00eb ulta n\u00eb zyr\u00ebn m\u00eb t\u00eb vog\u00ebl n\u00eb Tropoj\u00eb, e deri tek n\u00ebndrejtorja e p\u00ebrgjithshme k\u00ebtu n\u00eb Tiran\u00eb.<\/p>\n<p>P\u00ebr m\u00eb tep\u00ebr, megjiith\u00ebse jetojm\u00eb n\u00eb epok\u00ebn e barazis\u00eb gjinore me ligj, jam i bindur q\u00eb, n\u00ebse i b\u00ebjm\u00eb hesap, tek Kadastra do dal\u00eb q\u00eb e kemi tejkaluar vetiu k\u00ebt\u00eb detyrim ligjor.<\/p>\n<p>Kjo sepse, at\u00eb pun\u00eb q\u00eb e b\u00ebn femra shqiptare, zor se ja dalin meshkujt. T\u00eb punojn\u00eb para tastier\u00ebs me or\u00eb e or\u00eb pa nd\u00ebrprerje, t\u00eb gjejn\u00eb zgjidhje p\u00ebr probleme t\u00eb koklavitura, t\u00eb durojn\u00eb edhe fjal\u00eb t\u00eb r\u00ebnda shpeshher\u00eb, t\u00eb jepen pas pun\u00ebs shum\u00eb m\u00eb tep\u00ebr sesa pas klubit.<\/p>\n<p>Pastaj \u00e7do vit vjen nj\u00eb dit\u00eb q\u00eb duhet ta pranojn\u00eb k\u00ebt\u00eb gj\u00eb edhe zyrtarisht. Madje, jo vet\u00ebm ta pranojm\u00eb, por edhe ta shprehim kudo ku punon kok\u00ebulur nj\u00eb fem\u00ebr.<\/p>\n<p>Ej ju, burrat e Kadastr\u00ebs, sot n\u00eb secil\u00ebn tavolin\u00eb t\u00eb kolegeve tuaja duhet t\u00eb ket\u00eb nj\u00eb lule falenderimi p\u00ebr to!<\/p>\n<p>G\u00ebzuar 8 Marsin!<\/p>\n<p>N\u00eb foto: N\u00eb Institutin e Nd\u00ebrtimit, Tiran\u00eb 1980.<\/p>","protected":false},"excerpt":{"rendered":"<p>Kreu i Kadastr\u00ebs Shqiptare Artan Lame ka shp\u00ebrndar\u00eb nj\u00eb mesazh t\u00eb ve\u00e7ant\u00eb ne fest\u00ebn e 8 Marsit, Dit\u00ebn Nd\u00ebrkomb\u00ebtare t\u00eb Gruas. Me an\u00eb t\u00eb nj\u00eb postimi n\u00eb rrjetet sociale ai shkruan se megjith\u00ebse jetojm\u00eb n\u00eb epok\u00ebn e barazis\u00eb gjinore me ligj, tek Kadastra del q\u00eb \u00ebsht\u00eb tejkaluar ky detyrim ligjor. Ai thot\u00eb se kjo ka [&hellip;]<\/p>\n","protected":false},"author":2031,"featured_media":189978,"comment_status":"closed","ping_status":"closed","sticky":false,"template":"","format":"standard","meta":{"footnotes":""},"categories":[231],"tags":[],"class_list":{"0":"post-241970","1":"post","2":"type-post","3":"status-publish","4":"format-standard","5":"has-post-thumbnail","7":"category-lajme"},"_links":{"self":[{"href":"https:\/\/zjarr.tv\/en\/wp-json\/wp\/v2\/posts\/241970","targetHints":{"allow":["GET"]}}],"collection":[{"href":"https:\/\/zjarr.tv\/en\/wp-json\/wp\/v2\/posts"}],"about":[{"href":"https:\/\/zjarr.tv\/en\/wp-json\/wp\/v2\/types\/post"}],"author":[{"embeddable":true,"href":"https:\/\/zjarr.tv\/en\/wp-json\/wp\/v2\/users\/2031"}],"replies":[{"embeddable":true,"href":"https:\/\/zjarr.tv\/en\/wp-json\/wp\/v2\/comments?post=241970"}],"version-history":[{"count":0,"href":"https:\/\/zjarr.tv\/en\/wp-json\/wp\/v2\/posts\/241970\/revisions"}],"wp:featuredmedia":[{"embeddable":true,"href":"https:\/\/zjarr.tv\/en\/wp-json\/wp\/v2\/media\/189978"}],"wp:attachment":[{"href":"https:\/\/zjarr.tv\/en\/wp-json\/wp\/v2\/media?parent=241970"}],"wp:term":[{"taxonomy":"category","embeddable":true,"href":"https:\/\/zjarr.tv\/en\/wp-json\/wp\/v2\/categories?post=241970"},{"taxonomy":"post_tag","embeddable":true,"href":"https:\/\/zjarr.tv\/en\/wp-json\/wp\/v2\/tags?post=241970"}],"curies":[{"name":"wp","href":"https:\/\/api.w.org\/{rel}","templated":true}]}}