{"id":241974,"date":"2022-03-08T10:15:03","date_gmt":"2022-03-08T09:15:03","guid":{"rendered":"https:\/\/zjarr.tv\/?p=241974"},"modified":"2022-03-08T10:15:03","modified_gmt":"2022-03-08T09:15:03","slug":"edi-rama-te-pergatitemi-per-cdo-skenar-edhe-per-shkurtime-dramatike-te-energjise-dhe-naftes","status":"publish","type":"post","link":"https:\/\/zjarr.tv\/en\/edi-rama-te-pergatitemi-per-cdo-skenar-edhe-per-shkurtime-dramatike-te-energjise-dhe-naftes\/","title":{"rendered":"Edi Rama: T\u00eb p\u00ebrgatitemi p\u00ebr \u00e7do skenar, edhe p\u00ebr shkurtime dramatike t\u00eb energjis\u00eb dhe naft\u00ebs"},"content":{"rendered":"<p>Kryeministri Edi Rama ka th\u00ebn\u00eb k\u00ebt\u00eb t\u00eb mart\u00eb se qytetar\u00ebt duhet t\u00eb p\u00ebrgatiten psikologjikisht edhe p\u00ebr skenarin m\u00eb t\u00eb keq, p\u00ebr shkurtime dramatike t\u00eb energjis\u00eb elektrike dhe t\u00eb naft\u00ebs. N\u00eb nj\u00eb konferenc\u00eb nga Kryeministria, ai tha se rritja do t\u00eb vazhdoj\u00eb pasi \u00e7mimet nuk i vendos qeveria.<\/p>\n<p>\u201c\u00c7mimi i naft\u00ebs nuk varet nga qeveria, nuk \u00ebsht\u00eb qeveria q\u00eb ngre apo ul \u00e7mimet e mallrave t\u00eb konsumit, \u00ebsht\u00eb tregu dhe tregu \u00ebsht\u00eb i ndjesh\u00ebm ndaj t\u00eb gjitha krizave, e jo m\u00eb ndaj nj\u00eb lufte, Europa. Duhet t\u00eb p\u00ebrgatitemi p\u00ebr \u00e7do skenar, askush nuk e di se \u00e7far\u00eb do t\u00eb ndodh, jemi n\u00eb t\u00eb nj\u00ebjtat kushte me pandemin\u00eb, kur nuk e dinim koh\u00ebzgjatjen, zhvillimet n\u00eb dinamik\u00ebn e tyre dhe kur u p\u00ebrgatit\u00ebm p\u00ebr disa skenar\u00eb. Duhet t\u00eb p\u00ebrgatitemi psikologjikisht edhe p\u00ebr shkurtime dramatike t\u00eb furnizimeve me energji ose naft\u00eb, ky \u00ebsht\u00eb skenari m\u00eb dramatik\u201d, u shpreh Edi Rama.<\/p>\n<p>M\u00eb tej, kryeminixtri b\u00ebri me dije se do t\u00eb ngrihet nj\u00eb Komitet i Posa\u00e7\u00ebm Nd\u00ebrministror p\u00ebr p\u00ebrballimine  pasojave t\u00eb luft\u00ebs.<\/p>\n<p>\u201cDo krijojm\u00eb nj\u00eb komiteti t\u00eb posa\u00e7\u00ebm nd\u00ebrministror p\u00ebr p\u00ebrballimin e pasojave t\u00eb luft\u00ebs. Ne nuk jemi n\u00eb kushtet e nj\u00eb k\u00ebrc\u00ebnimi ushtarak, por jemi si t\u00eb gjitha vendet e tjera t\u00eb NATO-s\u00eb edhe m\u00eb gjer\u00eb sesa vendet e NATO-s n\u00eb kushtet e p\u00ebrdorimit t\u00eb p\u00ebrditsh\u00ebm ekonomik n\u00eb p\u00ebrballimin e kostove dhe vlerave n\u00eb \u00e7mim t\u00eb mallrave t\u00eb konsumit\u201d, shtoi.<\/p>","protected":false},"excerpt":{"rendered":"<p>Kryeministri Edi Rama ka th\u00ebn\u00eb k\u00ebt\u00eb t\u00eb mart\u00eb se qytetar\u00ebt duhet t\u00eb p\u00ebrgatiten psikologjikisht edhe p\u00ebr skenarin m\u00eb t\u00eb keq, p\u00ebr shkurtime dramatike t\u00eb energjis\u00eb elektrike dhe t\u00eb naft\u00ebs. N\u00eb nj\u00eb konferenc\u00eb nga Kryeministria, ai tha se rritja do t\u00eb vazhdoj\u00eb pasi \u00e7mimet nuk i vendos qeveria. \u201c\u00c7mimi i naft\u00ebs nuk varet nga qeveria, nuk [&hellip;]<\/p>\n","protected":false},"author":2031,"featured_media":241975,"comment_status":"closed","ping_status":"closed","sticky":false,"template":"","format":"standard","meta":{"footnotes":""},"categories":[231],"tags":[],"class_list":{"0":"post-241974","1":"post","2":"type-post","3":"status-publish","4":"format-standard","5":"has-post-thumbnail","7":"category-lajme"},"_links":{"self":[{"href":"https:\/\/zjarr.tv\/en\/wp-json\/wp\/v2\/posts\/241974","targetHints":{"allow":["GET"]}}],"collection":[{"href":"https:\/\/zjarr.tv\/en\/wp-json\/wp\/v2\/posts"}],"about":[{"href":"https:\/\/zjarr.tv\/en\/wp-json\/wp\/v2\/types\/post"}],"author":[{"embeddable":true,"href":"https:\/\/zjarr.tv\/en\/wp-json\/wp\/v2\/users\/2031"}],"replies":[{"embeddable":true,"href":"https:\/\/zjarr.tv\/en\/wp-json\/wp\/v2\/comments?post=241974"}],"version-history":[{"count":0,"href":"https:\/\/zjarr.tv\/en\/wp-json\/wp\/v2\/posts\/241974\/revisions"}],"wp:featuredmedia":[{"embeddable":true,"href":"https:\/\/zjarr.tv\/en\/wp-json\/wp\/v2\/media\/241975"}],"wp:attachment":[{"href":"https:\/\/zjarr.tv\/en\/wp-json\/wp\/v2\/media?parent=241974"}],"wp:term":[{"taxonomy":"category","embeddable":true,"href":"https:\/\/zjarr.tv\/en\/wp-json\/wp\/v2\/categories?post=241974"},{"taxonomy":"post_tag","embeddable":true,"href":"https:\/\/zjarr.tv\/en\/wp-json\/wp\/v2\/tags?post=241974"}],"curies":[{"name":"wp","href":"https:\/\/api.w.org\/{rel}","templated":true}]}}