{"id":241978,"date":"2022-03-08T10:40:56","date_gmt":"2022-03-08T09:40:56","guid":{"rendered":"https:\/\/zjarr.tv\/?p=241978"},"modified":"2022-03-08T10:40:56","modified_gmt":"2022-03-08T09:40:56","slug":"fituam-se-ska-kush-fiton-tjeter-rama-per-6-marsin-sot-ka-vetem-nje-gje-ne-koken-time-si-ta-mbrojme-me-mire-shqiptarin","status":"publish","type":"post","link":"https:\/\/zjarr.tv\/en\/fituam-se-ska-kush-fiton-tjeter-rama-per-6-marsin-sot-ka-vetem-nje-gje-ne-koken-time-si-ta-mbrojme-me-mire-shqiptarin\/","title":{"rendered":"\u201cFituam se s\u2019ka kush fiton tjet\u00ebr\u201d, Rama p\u00ebr 6 marsin: Sot ka vet\u00ebm nj\u00eb gj\u00eb n\u00eb kok\u00ebn time, si ta mbrojm\u00eb m\u00eb mir\u00eb shqiptarin"},"content":{"rendered":"<p>Kryeministri Edi Rama ka mbajtur nj\u00eb konferenc\u00eb ku ka folur p\u00ebr kriz\u00ebn energjetike.<\/p>\n<p>Rama \u00ebsht\u00eb pyetur nga gazetar\u00ebt edhe n\u00eb lidhje me akuzat q\u00eb ka ngritur kreu i PD, Lulzim Basha p\u00ebr masakr\u00ebn zgjedhore.<\/p>\n<p>Ai tha se \u00ebsht\u00eb duke menduar vazhdimisht sesi t\u00eb mbroj\u00eb shqiptar\u00ebt nga kriza, teksa tha se fituan se s\u2019kishte kush fitonte tjet\u00ebr.<\/p>\n<p>\u201cTa l\u00ebm\u00eb politik\u00ebn n\u00eb pun\u00ebn e vet, kush ka nge ta b\u00ebj\u00eb, mua nuk m\u00eb intereson fare. Sot ka vet\u00ebm nj\u00eb gj\u00eb n\u00eb kok\u00ebn time, Non Stop, si ta mbrojm\u00eb sa m\u00eb mir\u00eb shqiptarin, familjarin, konsumatorin, popullin shqiptar nga kjo flam\u00eb. Kaq. K\u00ebto pastaj e fituam Dibr\u00ebn, Rrogozhin\u00ebn, Vor\u00ebn, Lushnjen, Durr\u00ebsin. Po pastaj? \u00c7far\u00eb shije ka kjo n\u00eb k\u00ebto kushte kur ne flasim p\u00ebr gj\u00ebra q\u00eb jan\u00eb nj\u00eb tragjedi e madhe njer\u00ebzore. Dakord shum\u00eb mir\u00eb, e fituam, iku! Fituam se s\u2019ka kush fiton tjet\u00ebr\u201d tha Rama.<\/p>","protected":false},"excerpt":{"rendered":"<p>Kryeministri Edi Rama ka mbajtur nj\u00eb konferenc\u00eb ku ka folur p\u00ebr kriz\u00ebn energjetike. Rama \u00ebsht\u00eb pyetur nga gazetar\u00ebt edhe n\u00eb lidhje me akuzat q\u00eb ka ngritur kreu i PD, Lulzim Basha p\u00ebr masakr\u00ebn zgjedhore. Ai tha se \u00ebsht\u00eb duke menduar vazhdimisht sesi t\u00eb mbroj\u00eb shqiptar\u00ebt nga kriza, teksa tha se fituan se s\u2019kishte kush fitonte [&hellip;]<\/p>\n","protected":false},"author":2031,"featured_media":208321,"comment_status":"closed","ping_status":"closed","sticky":false,"template":"","format":"standard","meta":{"footnotes":""},"categories":[231],"tags":[],"class_list":{"0":"post-241978","1":"post","2":"type-post","3":"status-publish","4":"format-standard","5":"has-post-thumbnail","7":"category-lajme"},"_links":{"self":[{"href":"https:\/\/zjarr.tv\/en\/wp-json\/wp\/v2\/posts\/241978","targetHints":{"allow":["GET"]}}],"collection":[{"href":"https:\/\/zjarr.tv\/en\/wp-json\/wp\/v2\/posts"}],"about":[{"href":"https:\/\/zjarr.tv\/en\/wp-json\/wp\/v2\/types\/post"}],"author":[{"embeddable":true,"href":"https:\/\/zjarr.tv\/en\/wp-json\/wp\/v2\/users\/2031"}],"replies":[{"embeddable":true,"href":"https:\/\/zjarr.tv\/en\/wp-json\/wp\/v2\/comments?post=241978"}],"version-history":[{"count":0,"href":"https:\/\/zjarr.tv\/en\/wp-json\/wp\/v2\/posts\/241978\/revisions"}],"wp:featuredmedia":[{"embeddable":true,"href":"https:\/\/zjarr.tv\/en\/wp-json\/wp\/v2\/media\/208321"}],"wp:attachment":[{"href":"https:\/\/zjarr.tv\/en\/wp-json\/wp\/v2\/media?parent=241978"}],"wp:term":[{"taxonomy":"category","embeddable":true,"href":"https:\/\/zjarr.tv\/en\/wp-json\/wp\/v2\/categories?post=241978"},{"taxonomy":"post_tag","embeddable":true,"href":"https:\/\/zjarr.tv\/en\/wp-json\/wp\/v2\/tags?post=241978"}],"curies":[{"name":"wp","href":"https:\/\/api.w.org\/{rel}","templated":true}]}}