{"id":241981,"date":"2022-03-08T12:21:01","date_gmt":"2022-03-08T11:21:01","guid":{"rendered":"https:\/\/zjarr.tv\/?p=241981"},"modified":"2022-03-08T12:21:01","modified_gmt":"2022-03-08T11:21:01","slug":"sikur-te-nderrosh-100-lekure-qytetar-sbehesh-kurre-analisti-per-deputetet-jane-mbledhur-per-ukrainen-por-po-behen-qepaze-ne-syte-e-ambasadorit","status":"publish","type":"post","link":"https:\/\/zjarr.tv\/en\/sikur-te-nderrosh-100-lekure-qytetar-sbehesh-kurre-analisti-per-deputetet-jane-mbledhur-per-ukrainen-por-po-behen-qepaze-ne-syte-e-ambasadorit\/","title":{"rendered":"\u201cSikur t\u00eb nd\u00ebrrosh 100 l\u00ebkur\u00eb, qytetar s\u2019b\u00ebhesh kurr\u00eb\u201d, analisti p\u00ebr deputet\u00ebt: Jan\u00eb mbledhur p\u00ebr Ukrain\u00ebn, por po b\u00ebhen \u201cqepaze\u201d n\u00eb syt\u00eb e ambasadorit"},"content":{"rendered":"<p>Analisti Erl Murati ka komnetuar seanc\u00ebn e djeshme t\u00eb Kuvendit t\u00eb Shqip\u00ebris\u00eb, ku u votua pro rezolut\u00ebs p\u00ebr d\u00ebnimin e agresionit rus n\u00eb Ukrain\u00eb.<\/p>\n<p>P\u00ebrmes nj\u00eb postimi n\u00eb Facebook, ai thot\u00eb se deputet\u00ebt t\u00eb cil\u00ebt jan\u00eb mbledhur p\u00ebr t\u00eb shprehur solidaritetin me Ukrain\u00ebn, kan\u00eb nj\u00eb or\u00eb q\u00eb zihen me nj\u00ebri-tjetrin p\u00ebr marrjen e fjal\u00ebs n\u00eb Kuvend, nd\u00ebrsa k\u00ebto skena ndodhin n\u00eb pranin\u00eb e ambasadorit ukrainas n\u00eb vendin ton\u00eb, Volodymyr Shkurov. \u201cSikur t\u00eb nd\u00ebrrosh 100 l\u00ebkur\u00eb, qytetar nuk b\u00ebhesh kurr\u00eb\u201d, shkruan nd\u00ebr t\u00eb tjera Murati.<\/p>\n<p>Postimi i plot\u00eb i Erl Muratit:<\/p>\n<p>Jan\u00eb mbledhur deputet\u00ebt sot n\u00eb parlamentin e Shqip\u00ebris\u00eb p\u00ebr t\u00eb shprehur gjoja solidaritetin e bot\u00ebs s\u00eb qytet\u00ebruar me Ukrain\u00ebn kund\u00ebr barbarizm\u00ebs s\u00eb Putinit\u2026 dhe kan\u00eb nj\u00eb or\u00eb q\u00eb zihen e b\u00ebhen qepaze \u2018pse ia dhe fjal\u00ebn atij 2 her\u00eb dhe mua asnj\u00ebher\u00eb\u2019.<\/p>\n<p>I gjith\u00eb ky spektak\u00ebl n\u00eb sy t\u00eb ambasadorit ukrainas n\u00eb Tiran\u00eb, i cili sheh i \u00e7uditur n\u00eb seanc\u00eb, kokat e kombit dhe ajk\u00ebn intelektualo-politike t\u00eb vendit q\u00eb sherroset p\u00ebr procedur\u00eb.Pika q\u00eb s\u2019u bie. Kot s\u2019kan\u00eb th\u00ebn\u00eb t\u00eb vjetrit\u2026 sikur t\u00eb nd\u00ebrrosh 100 l\u00ebkur\u00eb, qytetar nuk b\u00ebhesh kurr\u00eb.<\/p>","protected":false},"excerpt":{"rendered":"<p>Analisti Erl Murati ka komnetuar seanc\u00ebn e djeshme t\u00eb Kuvendit t\u00eb Shqip\u00ebris\u00eb, ku u votua pro rezolut\u00ebs p\u00ebr d\u00ebnimin e agresionit rus n\u00eb Ukrain\u00eb. P\u00ebrmes nj\u00eb postimi n\u00eb Facebook, ai thot\u00eb se deputet\u00ebt t\u00eb cil\u00ebt jan\u00eb mbledhur p\u00ebr t\u00eb shprehur solidaritetin me Ukrain\u00ebn, kan\u00eb nj\u00eb or\u00eb q\u00eb zihen me nj\u00ebri-tjetrin p\u00ebr marrjen e fjal\u00ebs n\u00eb [&hellip;]<\/p>\n","protected":false},"author":2030,"featured_media":241982,"comment_status":"closed","ping_status":"closed","sticky":false,"template":"","format":"standard","meta":{"footnotes":""},"categories":[241,3366,231,1454],"tags":[],"class_list":{"0":"post-241981","1":"post","2":"type-post","3":"status-publish","4":"format-standard","5":"has-post-thumbnail","7":"category-aktualitet","8":"category-koment","9":"category-lajme","10":"category-politike"},"_links":{"self":[{"href":"https:\/\/zjarr.tv\/en\/wp-json\/wp\/v2\/posts\/241981","targetHints":{"allow":["GET"]}}],"collection":[{"href":"https:\/\/zjarr.tv\/en\/wp-json\/wp\/v2\/posts"}],"about":[{"href":"https:\/\/zjarr.tv\/en\/wp-json\/wp\/v2\/types\/post"}],"author":[{"embeddable":true,"href":"https:\/\/zjarr.tv\/en\/wp-json\/wp\/v2\/users\/2030"}],"replies":[{"embeddable":true,"href":"https:\/\/zjarr.tv\/en\/wp-json\/wp\/v2\/comments?post=241981"}],"version-history":[{"count":0,"href":"https:\/\/zjarr.tv\/en\/wp-json\/wp\/v2\/posts\/241981\/revisions"}],"wp:featuredmedia":[{"embeddable":true,"href":"https:\/\/zjarr.tv\/en\/wp-json\/wp\/v2\/media\/241982"}],"wp:attachment":[{"href":"https:\/\/zjarr.tv\/en\/wp-json\/wp\/v2\/media?parent=241981"}],"wp:term":[{"taxonomy":"category","embeddable":true,"href":"https:\/\/zjarr.tv\/en\/wp-json\/wp\/v2\/categories?post=241981"},{"taxonomy":"post_tag","embeddable":true,"href":"https:\/\/zjarr.tv\/en\/wp-json\/wp\/v2\/tags?post=241981"}],"curies":[{"name":"wp","href":"https:\/\/api.w.org\/{rel}","templated":true}]}}