{"id":241992,"date":"2022-03-08T12:28:24","date_gmt":"2022-03-08T11:28:24","guid":{"rendered":"https:\/\/zjarr.tv\/?p=241992"},"modified":"2022-03-08T12:28:24","modified_gmt":"2022-03-08T11:28:24","slug":"po-kalon-ne-kufirin-e-psikozes-alizoti-sulmon-bashen-duhet-te-jape-urgjentisht-doreheqjen-edhe-roja-i-pd-se-merr-me-shume-vota-se-ai","status":"publish","type":"post","link":"https:\/\/zjarr.tv\/en\/po-kalon-ne-kufirin-e-psikozes-alizoti-sulmon-bashen-duhet-te-jape-urgjentisht-doreheqjen-edhe-roja-i-pd-se-merr-me-shume-vota-se-ai\/","title":{"rendered":"\u201cPo kalon n\u00eb kufirin e psikoz\u00ebs\u201d, Alizoti sulmon Bash\u00ebn: Duhet t\u00eb jap\u00eb URGJENTISHT dor\u00ebheqjen! Edhe roja i PD-s\u00eb merr m\u00eb shum\u00eb vota se ai"},"content":{"rendered":"<p>Deputeti i Partis\u00eb Demokratike, Tomor Alizoti, pas rezultatit t\u00eb zgjedhjeve t\u00eb pjesshme vendore, ku PD doli forc\u00eb e tret\u00eb, ka k\u00ebrkuar urgjentisht largimin e kryetarit t\u00eb partis\u00eb Lulzim Basha.<\/p>\n<p>Sipas Alizotit, Basha duhet t\u00eb jape menj\u00ebher\u00eb dor\u00ebheqjen dhe brenda partis\u00eb duhet t\u00eb aplikohen zgjedhje t\u00eb reja p\u00ebr t\u00eb zgjedhur kryetarin e ri.<\/p>\n<p>\u201cUn\u00eb jam i shokuar kur e d\u00ebgjova q\u00eb ai tha un\u00eb nuk kam humbur asnj\u00eb gar\u00eb. Po kalojm\u00eb n\u00eb kufirin e \u00e7menduris\u00eb,psikoz\u00ebs. PD me logo ka dal\u00eb e treta. Partia Demokratiek ka qen\u00eb parti e cila nga ana politike e rrezikonte maxhoranc\u00ebn, nd\u00ebrsa sot me k\u00ebt\u00eb rezultat Basha automatikisht duhet t\u00eb dor\u00ebhiqet.<\/p>\n<p>N\u00ebse shikojm\u00eb opozit\u00ebn, PD, shkon diku 30%. Ky \u00ebsht\u00eb nj\u00eb lajm shum\u00eb i keq p\u00ebr ne si demokrat\u00eb.<\/p>\n<p>Nuk dua t\u00eb b\u00ebh\u00ebm emocional, por un\u00eb nuk kuptoj p\u00ebrse Basha duhet t\u00eb vazhdoj\u00eb t\u00eb rrij\u00eb m\u00eb n\u00eb parti. Ai duhet t\u00eb ik\u00eb. Demokrat\u00ebt duhet t\u00eb marrin fatet e tyre, ne po kalojm\u00eb n\u00eb nj\u00eb marr\u00ebzi, kjo po shkon n\u00eb \u00e7menduri, n\u00eb kulmin e \u00e7menduris\u00eb.<\/p>\n<p>T\u00eb p\u00ebrfundosh n\u00eb Vor\u00eb q\u00eb ke patur kat\u00ebr mandate t\u00eb p\u00ebrfundosh n\u00eb 600 e ca vota nuk ka sens.<\/p>\n<p>Pas nj\u00eb viti do t\u00eb kemi p\u00ebrs\u00ebri zgjedhje, \u00e7far\u00eb n\u00ebse ne fitojm\u00eb vetm\u00eb 1 parti? Dueht t\u00eb jap\u00eb dor\u00ebheqjen. Berisha nuk e \u00e7on dot PD n\u00eb fitore.\u00a0 Ka urgjentisht manual q\u00eb duhet t\u00eb nd\u00ebrtojm\u00eb nejr\u00ebz t\u00eb rinj, duhet t\u00eb PD t\u00eb hyj\u00eb n\u00eb vot\u00eb dhe vota t\u00eb zgjedh\u00eb k\u00eb t\u00eb doj\u00eb.<\/p>\n<p>More rezultatin e keq duhet t\u00eb ik\u00ebsh, je forc\u00eb e tret\u00eb. Ku m\u00eb ra fati i keq q\u00eb t\u00eb isha deputet n\u00eb k\u00ebt\u00eb koh\u00eb, t\u00eb shpjegoj gj\u00ebra t\u00eb pa shpjegueshme. \u00c7a kryetari? Un\u00eb dua q\u00eb ai t\u00eb ik\u00eb n\u00eb sht\u00ebpi ta ler\u00eb k\u00ebt\u00eb pun\u00eb. Rojen e PD ta vendos\u00ebsh n\u00eb gar\u00eb siguron m\u00eb shum\u00eb vota se Basha. Kjo \u00ebsht\u00eb marr\u00ebzi, nuk ke marr\u00eb asnj\u00eb vot\u00eb p\u00ebr \u00e7far\u00eb dueht t\u00eb rrish?\u201d, tha Alizoti.<\/p>","protected":false},"excerpt":{"rendered":"<p>Deputeti i Partis\u00eb Demokratike, Tomor Alizoti, pas rezultatit t\u00eb zgjedhjeve t\u00eb pjesshme vendore, ku PD doli forc\u00eb e tret\u00eb, ka k\u00ebrkuar urgjentisht largimin e kryetarit t\u00eb partis\u00eb Lulzim Basha. Sipas Alizotit, Basha duhet t\u00eb jape menj\u00ebher\u00eb dor\u00ebheqjen dhe brenda partis\u00eb duhet t\u00eb aplikohen zgjedhje t\u00eb reja p\u00ebr t\u00eb zgjedhur kryetarin e ri. \u201cUn\u00eb jam i [&hellip;]<\/p>\n","protected":false},"author":2030,"featured_media":241993,"comment_status":"closed","ping_status":"closed","sticky":false,"template":"","format":"standard","meta":{"footnotes":""},"categories":[241,3366,5380,1454],"tags":[],"class_list":{"0":"post-241992","1":"post","2":"type-post","3":"status-publish","4":"format-standard","5":"has-post-thumbnail","7":"category-aktualitet","8":"category-koment","9":"category-kryesore","10":"category-politike"},"_links":{"self":[{"href":"https:\/\/zjarr.tv\/en\/wp-json\/wp\/v2\/posts\/241992","targetHints":{"allow":["GET"]}}],"collection":[{"href":"https:\/\/zjarr.tv\/en\/wp-json\/wp\/v2\/posts"}],"about":[{"href":"https:\/\/zjarr.tv\/en\/wp-json\/wp\/v2\/types\/post"}],"author":[{"embeddable":true,"href":"https:\/\/zjarr.tv\/en\/wp-json\/wp\/v2\/users\/2030"}],"replies":[{"embeddable":true,"href":"https:\/\/zjarr.tv\/en\/wp-json\/wp\/v2\/comments?post=241992"}],"version-history":[{"count":0,"href":"https:\/\/zjarr.tv\/en\/wp-json\/wp\/v2\/posts\/241992\/revisions"}],"wp:featuredmedia":[{"embeddable":true,"href":"https:\/\/zjarr.tv\/en\/wp-json\/wp\/v2\/media\/241993"}],"wp:attachment":[{"href":"https:\/\/zjarr.tv\/en\/wp-json\/wp\/v2\/media?parent=241992"}],"wp:term":[{"taxonomy":"category","embeddable":true,"href":"https:\/\/zjarr.tv\/en\/wp-json\/wp\/v2\/categories?post=241992"},{"taxonomy":"post_tag","embeddable":true,"href":"https:\/\/zjarr.tv\/en\/wp-json\/wp\/v2\/tags?post=241992"}],"curies":[{"name":"wp","href":"https:\/\/api.w.org\/{rel}","templated":true}]}}