{"id":242003,"date":"2022-03-08T12:33:29","date_gmt":"2022-03-08T11:33:29","guid":{"rendered":"https:\/\/zjarr.tv\/?p=242003"},"modified":"2022-03-08T12:33:29","modified_gmt":"2022-03-08T11:33:29","slug":"meta-pershendet-miratimin-e-rezolutes-shqiperia-shprehu-solidarizimin-e-plote-me-popullin-e-ukraines","status":"publish","type":"post","link":"https:\/\/zjarr.tv\/en\/meta-pershendet-miratimin-e-rezolutes-shqiperia-shprehu-solidarizimin-e-plote-me-popullin-e-ukraines\/","title":{"rendered":"Meta p\u00ebrsh\u00ebndet miratimin e rezolut\u00ebs: Shqip\u00ebria shprehu solidarizimin e plot\u00eb me popullin e Ukrain\u00ebs"},"content":{"rendered":"<p>Presidenti i vendit Ilir Meta ka p\u00ebrsh\u00ebndetur votimin unanim t\u00eb Rezolut\u00ebs kund\u00ebr agresionit rus n\u00eb Ukrain\u00eb.<\/p>\n<p>P\u00ebrmes nj\u00eb postimi n\u00eb Facebook, Meta shkruan si vend an\u00ebtar i NATO, Shqip\u00ebria shprehu solidaritetin e plot\u00eb me popullin dhe institucionet demokratike dhe legjitime t\u00eb Ukrain\u00ebs n\u00eb p\u00ebrpjekjet e tyre heroike p\u00ebr liri.<\/p>\n<p>\u201cP\u00ebrsh\u00ebndes miratimin unanim t\u00eb Rezolut\u00ebs kund\u00ebr agresionit t\u00eb paprovokuar dhe t\u00eb pajustifikuesh\u00ebm t\u00eb Rusis\u00eb ndaj Ukrain\u00ebs, nga Kuvendi i Shqip\u00ebris\u00eb!<\/p>\n<p>Si vend an\u00ebtar i NATO, vend kandidat i BE, an\u00ebtar jo i p\u00ebrhersh\u00ebm i KS t\u00eb OKB, dhe me q\u00ebllimin e mbizot\u00ebrimit t\u00eb paqes, siguris\u00eb dhe stabilitetit n\u00eb Europ\u00eb, rajon e m\u00eb gjer\u00eb, shprehim solidaritetin e plot\u00eb me popullin dhe institucionet demokratike dhe legjitime t\u00eb Ukrain\u00ebs n\u00eb p\u00ebrpjekjet e tyre heroike p\u00ebr liri, dinjitet komb\u00ebtar dhe vlera europiane!\u201d, shkruan Meta.<\/p>","protected":false},"excerpt":{"rendered":"<p>Presidenti i vendit Ilir Meta ka p\u00ebrsh\u00ebndetur votimin unanim t\u00eb Rezolut\u00ebs kund\u00ebr agresionit rus n\u00eb Ukrain\u00eb. P\u00ebrmes nj\u00eb postimi n\u00eb Facebook, Meta shkruan si vend an\u00ebtar i NATO, Shqip\u00ebria shprehu solidaritetin e plot\u00eb me popullin dhe institucionet demokratike dhe legjitime t\u00eb Ukrain\u00ebs n\u00eb p\u00ebrpjekjet e tyre heroike p\u00ebr liri. \u201cP\u00ebrsh\u00ebndes miratimin unanim t\u00eb Rezolut\u00ebs kund\u00ebr [&hellip;]<\/p>\n","protected":false},"author":2030,"featured_media":177904,"comment_status":"closed","ping_status":"closed","sticky":false,"template":"","format":"standard","meta":{"footnotes":""},"categories":[241,3366,5380,231],"tags":[],"class_list":{"0":"post-242003","1":"post","2":"type-post","3":"status-publish","4":"format-standard","5":"has-post-thumbnail","7":"category-aktualitet","8":"category-koment","9":"category-kryesore","10":"category-lajme"},"_links":{"self":[{"href":"https:\/\/zjarr.tv\/en\/wp-json\/wp\/v2\/posts\/242003","targetHints":{"allow":["GET"]}}],"collection":[{"href":"https:\/\/zjarr.tv\/en\/wp-json\/wp\/v2\/posts"}],"about":[{"href":"https:\/\/zjarr.tv\/en\/wp-json\/wp\/v2\/types\/post"}],"author":[{"embeddable":true,"href":"https:\/\/zjarr.tv\/en\/wp-json\/wp\/v2\/users\/2030"}],"replies":[{"embeddable":true,"href":"https:\/\/zjarr.tv\/en\/wp-json\/wp\/v2\/comments?post=242003"}],"version-history":[{"count":0,"href":"https:\/\/zjarr.tv\/en\/wp-json\/wp\/v2\/posts\/242003\/revisions"}],"wp:featuredmedia":[{"embeddable":true,"href":"https:\/\/zjarr.tv\/en\/wp-json\/wp\/v2\/media\/177904"}],"wp:attachment":[{"href":"https:\/\/zjarr.tv\/en\/wp-json\/wp\/v2\/media?parent=242003"}],"wp:term":[{"taxonomy":"category","embeddable":true,"href":"https:\/\/zjarr.tv\/en\/wp-json\/wp\/v2\/categories?post=242003"},{"taxonomy":"post_tag","embeddable":true,"href":"https:\/\/zjarr.tv\/en\/wp-json\/wp\/v2\/tags?post=242003"}],"curies":[{"name":"wp","href":"https:\/\/api.w.org\/{rel}","templated":true}]}}