{"id":242006,"date":"2022-03-08T12:35:53","date_gmt":"2022-03-08T11:35:53","guid":{"rendered":"https:\/\/zjarr.tv\/?p=242006"},"modified":"2022-03-08T12:35:53","modified_gmt":"2022-03-08T11:35:53","slug":"berisha-jam-per-bashkimin-e-partise-por-me-nje-kusht","status":"publish","type":"post","link":"https:\/\/zjarr.tv\/en\/berisha-jam-per-bashkimin-e-partise-por-me-nje-kusht\/","title":{"rendered":"Berisha: Jam p\u00ebr bashkimin e partis\u00eb, por me nj\u00eb kusht"},"content":{"rendered":"<p>Ish-kryeministri Sali Berisha foli p\u00ebr zgjedhjet e 6 marsit, duke theksuar se \u00ebsht\u00eb i hapur p\u00ebr bashkimin e partis\u00eb, por vet\u00ebm me kushtin e rikthimit t\u00eb vot\u00ebs s\u00eb lir\u00eb.<\/p>\n<p>Sipas tij vota e lir\u00eb \u00ebsht\u00eb ADN e Partis\u00eb Demokratike, nd\u00ebrsa shtoi se shqiptar\u00ebt duan nj\u00eb opozit\u00eb t\u00eb v\u00ebrtet\u00eb.<\/p>\n<p>Berisha: Shqiptar\u00ebt votuan opozit\u00ebn e v\u00ebrtet\u00eb dhe jo turp-opozit\u00ebn, opozit\u00ebn false. K\u00ebto zgjedhje jan\u00eb k\u00ebmban\u00eb p\u00ebr demokrat\u00ebt, se duhet t\u00eb bashkohemi, se ne po ecim t\u00eb sigurt drejt fitores. Nuk ka njeri q\u00eb t\u00eb ket\u00eb hapur partin\u00eb m\u00eb shum\u00eb se Sali Berisha.<\/p>\n<p>Jam p\u00ebr hap drejt bashkimit, por t\u00eb pranohet vota e lir\u00eb. Gjith\u00e7ka \u00ebsht\u00eb rezultat i vot\u00ebs s\u00eb lir\u00ebUn\u00eb nuk i largoj njer\u00ebzit nga PD. Pasi \u00ebsht\u00eb votuar ata kan\u00eb zgjedhur vet\u00eb rrug\u00ebn e largimit. Historiku i PD ka qen\u00eb vota. I ftoj t\u00eb bashkohemi.<\/p>\n<p>Jam i gatsh\u00ebm p\u00ebr \u00e7do hap drejt bashkimit, por me nj\u00eb kusht q\u00eb t\u00eb kthejm\u00eb vot\u00ebn e lir\u00eb.\u00a0 Ose rrim\u00eb deput\u00ebt\u00eb t\u00eb lir\u00eb ose vasal\u00eb t\u00eb Bash\u00ebs q\u00eb i g\u00ebnj\u00ebn nga m\u00ebngjesi n\u00eb dark\u00eb. N\u00ebse duan rrug\u00ebn e fitores s\u00eb PD, ata duhet t\u00eb bashkohen, por gjithmon\u00eb mbi baz\u00ebn e vot\u00ebs s\u00eb lir\u00eb.<\/p>","protected":false},"excerpt":{"rendered":"<p>Ish-kryeministri Sali Berisha foli p\u00ebr zgjedhjet e 6 marsit, duke theksuar se \u00ebsht\u00eb i hapur p\u00ebr bashkimin e partis\u00eb, por vet\u00ebm me kushtin e rikthimit t\u00eb vot\u00ebs s\u00eb lir\u00eb. Sipas tij vota e lir\u00eb \u00ebsht\u00eb ADN e Partis\u00eb Demokratike, nd\u00ebrsa shtoi se shqiptar\u00ebt duan nj\u00eb opozit\u00eb t\u00eb v\u00ebrtet\u00eb. Berisha: Shqiptar\u00ebt votuan opozit\u00ebn e v\u00ebrtet\u00eb dhe [&hellip;]<\/p>\n","protected":false},"author":2030,"featured_media":242007,"comment_status":"closed","ping_status":"closed","sticky":false,"template":"","format":"standard","meta":{"footnotes":""},"categories":[241,3366,5380,231,1454],"tags":[],"class_list":{"0":"post-242006","1":"post","2":"type-post","3":"status-publish","4":"format-standard","5":"has-post-thumbnail","7":"category-aktualitet","8":"category-koment","9":"category-kryesore","10":"category-lajme","11":"category-politike"},"_links":{"self":[{"href":"https:\/\/zjarr.tv\/en\/wp-json\/wp\/v2\/posts\/242006","targetHints":{"allow":["GET"]}}],"collection":[{"href":"https:\/\/zjarr.tv\/en\/wp-json\/wp\/v2\/posts"}],"about":[{"href":"https:\/\/zjarr.tv\/en\/wp-json\/wp\/v2\/types\/post"}],"author":[{"embeddable":true,"href":"https:\/\/zjarr.tv\/en\/wp-json\/wp\/v2\/users\/2030"}],"replies":[{"embeddable":true,"href":"https:\/\/zjarr.tv\/en\/wp-json\/wp\/v2\/comments?post=242006"}],"version-history":[{"count":0,"href":"https:\/\/zjarr.tv\/en\/wp-json\/wp\/v2\/posts\/242006\/revisions"}],"wp:featuredmedia":[{"embeddable":true,"href":"https:\/\/zjarr.tv\/en\/wp-json\/wp\/v2\/media\/242007"}],"wp:attachment":[{"href":"https:\/\/zjarr.tv\/en\/wp-json\/wp\/v2\/media?parent=242006"}],"wp:term":[{"taxonomy":"category","embeddable":true,"href":"https:\/\/zjarr.tv\/en\/wp-json\/wp\/v2\/categories?post=242006"},{"taxonomy":"post_tag","embeddable":true,"href":"https:\/\/zjarr.tv\/en\/wp-json\/wp\/v2\/tags?post=242006"}],"curies":[{"name":"wp","href":"https:\/\/api.w.org\/{rel}","templated":true}]}}