{"id":242010,"date":"2022-03-08T12:38:25","date_gmt":"2022-03-08T11:38:25","guid":{"rendered":"https:\/\/zjarr.tv\/?p=242010"},"modified":"2022-03-08T12:38:25","modified_gmt":"2022-03-08T11:38:25","slug":"duhet-kongres-pajtimi-basha-u-pergjigjet-deputeteve-qe-i-kerkuan-largimin-ose-rrime-bashke-e-riorganizojme-partine-ose-ia-dorezojme-berishes","status":"publish","type":"post","link":"https:\/\/zjarr.tv\/en\/duhet-kongres-pajtimi-basha-u-pergjigjet-deputeteve-qe-i-kerkuan-largimin-ose-rrime-bashke-e-riorganizojme-partine-ose-ia-dorezojme-berishes\/","title":{"rendered":"\u201cDuhet Kongres pajtimi\u201d, Basha u p\u00ebrgjigjet deputet\u00ebve q\u00eb i k\u00ebrkuan largimin: Ose rrim\u00eb bashk\u00eb e riorganizojm\u00eb partin\u00eb, ose ia dor\u00ebzojm\u00eb Berish\u00ebs"},"content":{"rendered":"<p>Mbledhja e Grupit Parlamentar t\u00eb Partis\u00eb Demokratike u shoq\u00ebrua me debate t\u00eb forta mes kryedemokratit Basha dhe deputet\u00ebve, disa prej t\u00eb cil\u00ebve i kan\u00eb k\u00ebrkuar edhe largimin.<\/p>\n<p>Deputeti i Shkodr\u00ebs, Helidon Bushati, ka k\u00ebrkuar nga Basha q\u00eb t\u00eb zhvillohet nj\u00eb Kongres pajtimi me Komisionin e Rithemelimit, pasi kjo \u00ebsht\u00eb n\u00eb t\u00eb mir\u00eb t\u00eb Partis\u00eb Dmeokratike.<\/p>\n<p>\u201cNuk e kuptoj deklarat\u00ebn t\u00ebnde. Duhet t\u00eb jemi p\u00ebrtej egos, e shkat\u00ebrruat PD ju dhe Berisha. Duhet kongres pajtimi. T\u00eb bashkohemi. Duhet t\u00eb gjith\u00eb ne k\u00ebtu dhe koleg\u00ebt tan\u00eb t\u00eb Sht\u00ebpis\u00eb s\u00eb Liris\u00eb t\u00eb kalojm\u00eb p\u00ebrtej egove personale p\u00ebr t\u00eb mir\u00ebn e PD. T\u2019i hapet rruga zgjedhjeve. Duhet kongres pajtimi me pjes\u00ebmarrjen e t\u00eb dy rrymave ku p\u00ebr t\u00eb mir\u00ebn e p\u00ebrgjithshme disa duhet t\u00eb b\u00ebjn\u00eb nj\u00eb hap prapa\u201d, ka th\u00ebn\u00eb Bushati.<\/p>\n<p>Por kryedemokrati Basha \u00ebsht\u00eb shprehur se Berisha k\u00ebrkon ta marr\u00eb PD-n\u00eb p\u00ebr t\u2019u mbrojtur nga \u201cnon grata\u201d, ndaj ka dy rrug\u00eb: ose PD t\u2019i jepet Berish\u00ebs, ose t\u00eb gjith\u00eb t\u00eb riorganizohet partia.<\/p>\n<p>\u201cDy rrug\u00eb ka. Ose rrim\u00eb bashk\u00eb e b\u00ebjm\u00eb riorganizim ose ja dor\u00ebzojm\u00eb Sali Berish\u00ebs. Synimi Berish\u00ebs \u00ebsht\u00eb ta marr\u00eb PD p\u00ebr tu mbrojtur nga non grata\u201d, tha Basha.<\/p>","protected":false},"excerpt":{"rendered":"<p>Mbledhja e Grupit Parlamentar t\u00eb Partis\u00eb Demokratike u shoq\u00ebrua me debate t\u00eb forta mes kryedemokratit Basha dhe deputet\u00ebve, disa prej t\u00eb cil\u00ebve i kan\u00eb k\u00ebrkuar edhe largimin. Deputeti i Shkodr\u00ebs, Helidon Bushati, ka k\u00ebrkuar nga Basha q\u00eb t\u00eb zhvillohet nj\u00eb Kongres pajtimi me Komisionin e Rithemelimit, pasi kjo \u00ebsht\u00eb n\u00eb t\u00eb mir\u00eb t\u00eb Partis\u00eb Dmeokratike. [&hellip;]<\/p>\n","protected":false},"author":2030,"featured_media":242011,"comment_status":"closed","ping_status":"closed","sticky":false,"template":"","format":"standard","meta":{"footnotes":""},"categories":[241,3366,5380,231,1454],"tags":[],"class_list":{"0":"post-242010","1":"post","2":"type-post","3":"status-publish","4":"format-standard","5":"has-post-thumbnail","7":"category-aktualitet","8":"category-koment","9":"category-kryesore","10":"category-lajme","11":"category-politike"},"_links":{"self":[{"href":"https:\/\/zjarr.tv\/en\/wp-json\/wp\/v2\/posts\/242010","targetHints":{"allow":["GET"]}}],"collection":[{"href":"https:\/\/zjarr.tv\/en\/wp-json\/wp\/v2\/posts"}],"about":[{"href":"https:\/\/zjarr.tv\/en\/wp-json\/wp\/v2\/types\/post"}],"author":[{"embeddable":true,"href":"https:\/\/zjarr.tv\/en\/wp-json\/wp\/v2\/users\/2030"}],"replies":[{"embeddable":true,"href":"https:\/\/zjarr.tv\/en\/wp-json\/wp\/v2\/comments?post=242010"}],"version-history":[{"count":0,"href":"https:\/\/zjarr.tv\/en\/wp-json\/wp\/v2\/posts\/242010\/revisions"}],"wp:featuredmedia":[{"embeddable":true,"href":"https:\/\/zjarr.tv\/en\/wp-json\/wp\/v2\/media\/242011"}],"wp:attachment":[{"href":"https:\/\/zjarr.tv\/en\/wp-json\/wp\/v2\/media?parent=242010"}],"wp:term":[{"taxonomy":"category","embeddable":true,"href":"https:\/\/zjarr.tv\/en\/wp-json\/wp\/v2\/categories?post=242010"},{"taxonomy":"post_tag","embeddable":true,"href":"https:\/\/zjarr.tv\/en\/wp-json\/wp\/v2\/tags?post=242010"}],"curies":[{"name":"wp","href":"https:\/\/api.w.org\/{rel}","templated":true}]}}