{"id":242014,"date":"2022-03-08T12:45:37","date_gmt":"2022-03-08T11:45:37","guid":{"rendered":"https:\/\/zjarr.tv\/?p=242014"},"modified":"2022-03-08T12:45:37","modified_gmt":"2022-03-08T11:45:37","slug":"blendi-fevziu-ne-pd-nuk-ka-mbetur-askush-me-stof-politik-grida-duma-dhe-salianji-duhet-te-kene-dinjitet-pasi-basha-nuk-merr-vesh-nuk-iken","status":"publish","type":"post","link":"https:\/\/zjarr.tv\/en\/blendi-fevziu-ne-pd-nuk-ka-mbetur-askush-me-stof-politik-grida-duma-dhe-salianji-duhet-te-kene-dinjitet-pasi-basha-nuk-merr-vesh-nuk-iken\/","title":{"rendered":"Blendi Fevziu: N\u00eb PD nuk ka mbetur askush me stof politik! Grida Duma dhe Salianji duhet t\u00eb ken\u00eb dinjitet, pasi Basha nuk merr vesh, nuk ik\u00ebn"},"content":{"rendered":"<p>P\u00ebr moderatorin Blendi Fevziu, n\u00eb Partin\u00eb Demokratike nuk ka ngelur askush me stof politik, duke p\u00ebrjashtuar vet\u00ebm Grida Dum\u00ebn dhe Ervin Salianjin.<\/p>\n<p>Sipas tij, k\u00ebta dy deputet\u00eb duhet t\u00eb ken\u00eb dinjitet dhe t\u00eb k\u00ebrkojn\u00eb largimin e Lulzim Basha, pasi n\u00eb t\u00eb kund\u00ebrt, kryedemokrati nuk largohet.<\/p>\n<p>\u201cN\u00eb PD nuk ka mbetur askush me stof politik. Pak stof kan\u00eb Grida Duma dhe Salianji. T\u00eb tjer\u00ebt nuk kan\u00eb asnj\u00eb gj\u00eb. Ata duhet te kene dinjitet se Basha nuk merr vesh, nuk ik\u00ebn\u201d, tha Fevziu n\u00eb emisionin \u201cT\u00eb Paekspozuarit\u201d.<\/p>","protected":false},"excerpt":{"rendered":"<p>P\u00ebr moderatorin Blendi Fevziu, n\u00eb Partin\u00eb Demokratike nuk ka ngelur askush me stof politik, duke p\u00ebrjashtuar vet\u00ebm Grida Dum\u00ebn dhe Ervin Salianjin. Sipas tij, k\u00ebta dy deputet\u00eb duhet t\u00eb ken\u00eb dinjitet dhe t\u00eb k\u00ebrkojn\u00eb largimin e Lulzim Basha, pasi n\u00eb t\u00eb kund\u00ebrt, kryedemokrati nuk largohet. \u201cN\u00eb PD nuk ka mbetur askush me stof politik. Pak [&hellip;]<\/p>\n","protected":false},"author":2030,"featured_media":242015,"comment_status":"closed","ping_status":"closed","sticky":false,"template":"","format":"standard","meta":{"footnotes":""},"categories":[241,3366,5380,231,1454],"tags":[],"class_list":{"0":"post-242014","1":"post","2":"type-post","3":"status-publish","4":"format-standard","5":"has-post-thumbnail","7":"category-aktualitet","8":"category-koment","9":"category-kryesore","10":"category-lajme","11":"category-politike"},"_links":{"self":[{"href":"https:\/\/zjarr.tv\/en\/wp-json\/wp\/v2\/posts\/242014","targetHints":{"allow":["GET"]}}],"collection":[{"href":"https:\/\/zjarr.tv\/en\/wp-json\/wp\/v2\/posts"}],"about":[{"href":"https:\/\/zjarr.tv\/en\/wp-json\/wp\/v2\/types\/post"}],"author":[{"embeddable":true,"href":"https:\/\/zjarr.tv\/en\/wp-json\/wp\/v2\/users\/2030"}],"replies":[{"embeddable":true,"href":"https:\/\/zjarr.tv\/en\/wp-json\/wp\/v2\/comments?post=242014"}],"version-history":[{"count":0,"href":"https:\/\/zjarr.tv\/en\/wp-json\/wp\/v2\/posts\/242014\/revisions"}],"wp:featuredmedia":[{"embeddable":true,"href":"https:\/\/zjarr.tv\/en\/wp-json\/wp\/v2\/media\/242015"}],"wp:attachment":[{"href":"https:\/\/zjarr.tv\/en\/wp-json\/wp\/v2\/media?parent=242014"}],"wp:term":[{"taxonomy":"category","embeddable":true,"href":"https:\/\/zjarr.tv\/en\/wp-json\/wp\/v2\/categories?post=242014"},{"taxonomy":"post_tag","embeddable":true,"href":"https:\/\/zjarr.tv\/en\/wp-json\/wp\/v2\/tags?post=242014"}],"curies":[{"name":"wp","href":"https:\/\/api.w.org\/{rel}","templated":true}]}}