{"id":242022,"date":"2022-03-08T12:50:43","date_gmt":"2022-03-08T11:50:43","guid":{"rendered":"https:\/\/zjarr.tv\/?p=242022"},"modified":"2022-03-08T12:50:43","modified_gmt":"2022-03-08T11:50:43","slug":"akuza-e-forte-e-deputetit-lulzim-basha-te-na-sqaroje-cfare-bisedoi-ne-shtepine-e-tij-me-baton-haxhiun-para-zgjedhjeve-te-25-prillit","status":"publish","type":"post","link":"https:\/\/zjarr.tv\/en\/akuza-e-forte-e-deputetit-lulzim-basha-te-na-sqaroje-cfare-bisedoi-ne-shtepine-e-tij-me-baton-haxhiun-para-zgjedhjeve-te-25-prillit\/","title":{"rendered":"Akuza e fort\u00eb e deputetit: Lulzim Basha t\u00eb na sqaroj\u00eb, \u00e7far\u00eb bisedoi n\u00eb sht\u00ebpin\u00eb e tij me Baton Haxhiun para zgjedhjeve t\u00eb 25 prillit!"},"content":{"rendered":"<p>Deputeti demokrat Edi Paloka, shkruan se pak dit\u00eb para zgjedhjeve t\u00eb 25 prillit n\u00eb sht\u00ebpin\u00eb e kryetarit t\u00eb PD Lulzim Basha ka shkuar \u201cp\u00ebr nj\u00eb kafe\u201d gazetari Baton Haxhiu. Sipas Palok\u00ebs, gazetari \u00ebsht\u00eb nj\u00eb nga njer\u00ebzit m\u00eb t\u00eb af\u00ebrt t\u00eb Edi Ram\u00ebs dhe Basha duhet t\u00eb jap\u00eb sqarime.<\/p>\n<p>\u201cBesoj qe L.B do na e sqaroj sot se cfare ka biseduar me Baton Haxhiun, ne shtepine e tij, pak perpara zgjedhjeve te 25 prillit! Batoni, nje nga njerzit me te afert te Rames, ne debat e siper, zbuloi mbreme ne emisionin e Fevziut, se nje vit me pare ka qene ne shtepine e L.B \u201cper nje kafe\u201d!<\/p>\n<p>8 vjet nenkryetar i PD, une nuk kam qene ndonjehere per kafe ne shtepine e L.B. Nuk di as sa nga deputetet e PD mund te kene qene. Zakonisht ne shtepi therriten njerzit e miqte me te afert. Tani ose Batoni i Rames eshte nga miqte e afert te L.B ose dicka tjeter e ka cuar ne shtepine e tij pak perpara zgjedhjeve te 25 prillit!<\/p>\n<p>Besoj si transparent qe eshte, L.B do ju a japi kete sqarim demokrateve. Te pakten atyre qe i besuan verberisht edhe ne 6 mars\u201d, shkruan deputeti Edi Paloka, i cili \u00ebsht\u00eb rreshtuar krah ish-kryeministrit Berisha, n\u00eb p\u00ebrplasjet q\u00eb kan\u00eb ndodhur n\u00eb PD.<\/p>","protected":false},"excerpt":{"rendered":"<p>Deputeti demokrat Edi Paloka, shkruan se pak dit\u00eb para zgjedhjeve t\u00eb 25 prillit n\u00eb sht\u00ebpin\u00eb e kryetarit t\u00eb PD Lulzim Basha ka shkuar \u201cp\u00ebr nj\u00eb kafe\u201d gazetari Baton Haxhiu. Sipas Palok\u00ebs, gazetari \u00ebsht\u00eb nj\u00eb nga njer\u00ebzit m\u00eb t\u00eb af\u00ebrt t\u00eb Edi Ram\u00ebs dhe Basha duhet t\u00eb jap\u00eb sqarime. \u201cBesoj qe L.B do na e sqaroj [&hellip;]<\/p>\n","protected":false},"author":2030,"featured_media":242023,"comment_status":"closed","ping_status":"closed","sticky":false,"template":"","format":"standard","meta":{"footnotes":""},"categories":[241,3366,5380,231,1454],"tags":[],"class_list":{"0":"post-242022","1":"post","2":"type-post","3":"status-publish","4":"format-standard","5":"has-post-thumbnail","7":"category-aktualitet","8":"category-koment","9":"category-kryesore","10":"category-lajme","11":"category-politike"},"_links":{"self":[{"href":"https:\/\/zjarr.tv\/en\/wp-json\/wp\/v2\/posts\/242022","targetHints":{"allow":["GET"]}}],"collection":[{"href":"https:\/\/zjarr.tv\/en\/wp-json\/wp\/v2\/posts"}],"about":[{"href":"https:\/\/zjarr.tv\/en\/wp-json\/wp\/v2\/types\/post"}],"author":[{"embeddable":true,"href":"https:\/\/zjarr.tv\/en\/wp-json\/wp\/v2\/users\/2030"}],"replies":[{"embeddable":true,"href":"https:\/\/zjarr.tv\/en\/wp-json\/wp\/v2\/comments?post=242022"}],"version-history":[{"count":0,"href":"https:\/\/zjarr.tv\/en\/wp-json\/wp\/v2\/posts\/242022\/revisions"}],"wp:featuredmedia":[{"embeddable":true,"href":"https:\/\/zjarr.tv\/en\/wp-json\/wp\/v2\/media\/242023"}],"wp:attachment":[{"href":"https:\/\/zjarr.tv\/en\/wp-json\/wp\/v2\/media?parent=242022"}],"wp:term":[{"taxonomy":"category","embeddable":true,"href":"https:\/\/zjarr.tv\/en\/wp-json\/wp\/v2\/categories?post=242022"},{"taxonomy":"post_tag","embeddable":true,"href":"https:\/\/zjarr.tv\/en\/wp-json\/wp\/v2\/tags?post=242022"}],"curies":[{"name":"wp","href":"https:\/\/api.w.org\/{rel}","templated":true}]}}