{"id":242026,"date":"2022-03-08T12:51:58","date_gmt":"2022-03-08T11:51:58","guid":{"rendered":"https:\/\/zjarr.tv\/?p=242026"},"modified":"2022-03-08T12:51:58","modified_gmt":"2022-03-08T11:51:58","slug":"paga-te-dinjitetshme-dhe-te-barabarta-grate-ne-tirane-proteste-para-kryeministrise-ne-diten-nderkombetare-te-grave","status":"publish","type":"post","link":"https:\/\/zjarr.tv\/en\/paga-te-dinjitetshme-dhe-te-barabarta-grate-ne-tirane-proteste-para-kryeministrise-ne-diten-nderkombetare-te-grave\/","title":{"rendered":"\u201cPaga t\u00eb dinjitetshme dhe t\u00eb barabarta\u201d, grat\u00eb n\u00eb Tiran\u00eb protest\u00eb para Kryeministris\u00eb n\u00eb Dit\u00ebn Nd\u00ebrkomb\u00ebtare t\u00eb Grave"},"content":{"rendered":"<p>Dit\u00ebn e sotme n\u00eb Tiran\u00eb nj\u00eb grup grash kan\u00eb nisur marshimin drejt Kryeministris\u00eb me rastin e 8 Marist, Dit\u00ebn Nd\u00ebrkomb\u00ebtar\u00eb t\u00eb Gruas.<\/p>\n<p>Me parrulla n\u00eb duar \u201cJemi gra, duam t\u00eb drejta\u201d apo \u201cPaga t\u00eb dinjitetshme dhe t\u00eb barabarta\u201d, ato po marshojn\u00eb dit\u00ebn e sotme duke ngritur z\u00ebrin n\u00eb Kuad\u00ebr t\u00eb Dit\u00ebs Nd\u00ebrkomb\u00ebtare t\u00eb grave.<\/p>\n<p>Ato u shpreh\u00ebn se duhet t\u00eb d\u00ebnohet ashp\u00ebr dhuna dhe ngacmimet seksuale ndaj grave.<\/p>\n<p>\u201cJetojm\u00eb n\u00eb nj\u00eb shoq\u00ebri patriarkale. Heziton t\u00eb thuash mendimin t\u00ebnd\u201d. \u201cVendos\u00ebm t\u00eb protestonim, pasi 8 Marsi \u00ebsht\u00eb protest\u00eb e r\u00ebnd\u00ebsishme p\u00ebr grat\u00eb\u201d.<\/p>\n<p>\u201cFemrat t\u00eb q\u00ebndrojn\u00eb t\u00eb bashkuar se vet\u00ebm v\u00ebshtir\u00eb se ja dalim\u201d u shpreh\u00ebn ato n\u00eb disa nga mesazhet e tyre.<\/p>","protected":false},"excerpt":{"rendered":"<p>Dit\u00ebn e sotme n\u00eb Tiran\u00eb nj\u00eb grup grash kan\u00eb nisur marshimin drejt Kryeministris\u00eb me rastin e 8 Marist, Dit\u00ebn Nd\u00ebrkomb\u00ebtar\u00eb t\u00eb Gruas. Me parrulla n\u00eb duar \u201cJemi gra, duam t\u00eb drejta\u201d apo \u201cPaga t\u00eb dinjitetshme dhe t\u00eb barabarta\u201d, ato po marshojn\u00eb dit\u00ebn e sotme duke ngritur z\u00ebrin n\u00eb Kuad\u00ebr t\u00eb Dit\u00ebs Nd\u00ebrkomb\u00ebtare t\u00eb grave. Ato [&hellip;]<\/p>\n","protected":false},"author":2030,"featured_media":242027,"comment_status":"closed","ping_status":"closed","sticky":false,"template":"","format":"standard","meta":{"footnotes":""},"categories":[241,3366,5380,231],"tags":[],"class_list":{"0":"post-242026","1":"post","2":"type-post","3":"status-publish","4":"format-standard","5":"has-post-thumbnail","7":"category-aktualitet","8":"category-koment","9":"category-kryesore","10":"category-lajme"},"_links":{"self":[{"href":"https:\/\/zjarr.tv\/en\/wp-json\/wp\/v2\/posts\/242026","targetHints":{"allow":["GET"]}}],"collection":[{"href":"https:\/\/zjarr.tv\/en\/wp-json\/wp\/v2\/posts"}],"about":[{"href":"https:\/\/zjarr.tv\/en\/wp-json\/wp\/v2\/types\/post"}],"author":[{"embeddable":true,"href":"https:\/\/zjarr.tv\/en\/wp-json\/wp\/v2\/users\/2030"}],"replies":[{"embeddable":true,"href":"https:\/\/zjarr.tv\/en\/wp-json\/wp\/v2\/comments?post=242026"}],"version-history":[{"count":0,"href":"https:\/\/zjarr.tv\/en\/wp-json\/wp\/v2\/posts\/242026\/revisions"}],"wp:featuredmedia":[{"embeddable":true,"href":"https:\/\/zjarr.tv\/en\/wp-json\/wp\/v2\/media\/242027"}],"wp:attachment":[{"href":"https:\/\/zjarr.tv\/en\/wp-json\/wp\/v2\/media?parent=242026"}],"wp:term":[{"taxonomy":"category","embeddable":true,"href":"https:\/\/zjarr.tv\/en\/wp-json\/wp\/v2\/categories?post=242026"},{"taxonomy":"post_tag","embeddable":true,"href":"https:\/\/zjarr.tv\/en\/wp-json\/wp\/v2\/tags?post=242026"}],"curies":[{"name":"wp","href":"https:\/\/api.w.org\/{rel}","templated":true}]}}