{"id":242030,"date":"2022-03-08T12:54:33","date_gmt":"2022-03-08T11:54:33","guid":{"rendered":"https:\/\/zjarr.tv\/?p=242030"},"modified":"2022-03-08T12:54:33","modified_gmt":"2022-03-08T11:54:33","slug":"zelensky-nenshkruan-dekretin-terheq-ushtaret-ukrainas-nga-kosova-per-te-luftuar-kunder-rusise","status":"publish","type":"post","link":"https:\/\/zjarr.tv\/en\/zelensky-nenshkruan-dekretin-terheq-ushtaret-ukrainas-nga-kosova-per-te-luftuar-kunder-rusise\/","title":{"rendered":"Zelensky n\u00ebnshkruan dekretin: T\u00ebrheq ushtar\u00ebt ukrainas nga Kosova p\u00ebr t\u00eb luftuar kund\u00ebr Rusis\u00eb"},"content":{"rendered":"<p>Presidenti i Ukrain\u00ebs, Volodymyr Zelensky, ka n\u00ebnshkruar nj\u00eb dekret ku u b\u00ebn thirrje forcave ushtarake q\u00eb jan\u00eb jasht\u00eb vendit me mision paqeruajt\u00ebs t\u00eb kthehen n\u00eb Ukrain\u00eb p\u00ebr t\u00eb luftuar kund\u00ebr pushtimit rus.<\/p>\n<p>Lajmin e ka b\u00ebr\u00eb me dije z\u00ebdh\u00ebn\u00ebsi i Zyr\u00ebs s\u00eb Presidentit, Andriy Sibiga, i cili ka publikuar dekretin e n\u00ebnshkruar nga Zelensky.<\/p>\n<p>N\u00eb mesin e ushtar\u00ebve paqeruajt\u00ebs jan\u00eb edhe 40 ushtar\u00ebt q\u00eb sh\u00ebrbejn\u00eb n\u00eb Kosov\u00eb n\u00eb kuad\u00ebr t\u00eb KFOR-it.<\/p>\n<p>\u201cPresidenti i Ukrain\u00ebs, Zelensky, ka vendosur t\u00eb th\u00ebrras\u00eb paqeruajt\u00ebsit ukrain\u00ebs me p\u00ebrvoj\u00eb t\u00eb lart\u00eb ushtarake nga t\u00eb gjitha misionet n\u00eb bot\u00eb s\u00eb bashku me pajisjet e tyre p\u00ebr t\u00eb forcuar ushtrin\u00eb ukrainase tani kund\u00ebr agresionit rus\u201d, ka shkruar ai.<\/p>\n<p><img loading=\"lazy\" decoding=\"async\" class=\"alignnone size-medium wp-image-242031\" src=\"https:\/\/zjarr.tv\/wp-content\/uploads\/2022\/03\/Untitled-design-2022-03-08T125313.589-300x251.jpg\" alt=\"\" width=\"300\" height=\"251\" srcset=\"https:\/\/zjarr.tv\/wp-content\/uploads\/2022\/03\/Untitled-design-2022-03-08T125313.589-300x251.jpg 300w, https:\/\/zjarr.tv\/wp-content\/uploads\/2022\/03\/Untitled-design-2022-03-08T125313.589-768x644.jpg 768w, https:\/\/zjarr.tv\/wp-content\/uploads\/2022\/03\/Untitled-design-2022-03-08T125313.589-696x583.jpg 696w, https:\/\/zjarr.tv\/wp-content\/uploads\/2022\/03\/Untitled-design-2022-03-08T125313.589-501x420.jpg 501w, https:\/\/zjarr.tv\/wp-content\/uploads\/2022\/03\/Untitled-design-2022-03-08T125313.589.jpg 940w\" sizes=\"auto, (max-width: 300px) 100vw, 300px\" \/><\/p>","protected":false},"excerpt":{"rendered":"<p>Presidenti i Ukrain\u00ebs, Volodymyr Zelensky, ka n\u00ebnshkruar nj\u00eb dekret ku u b\u00ebn thirrje forcave ushtarake q\u00eb jan\u00eb jasht\u00eb vendit me mision paqeruajt\u00ebs t\u00eb kthehen n\u00eb Ukrain\u00eb p\u00ebr t\u00eb luftuar kund\u00ebr pushtimit rus. Lajmin e ka b\u00ebr\u00eb me dije z\u00ebdh\u00ebn\u00ebsi i Zyr\u00ebs s\u00eb Presidentit, Andriy Sibiga, i cili ka publikuar dekretin e n\u00ebnshkruar nga Zelensky. N\u00eb [&hellip;]<\/p>\n","protected":false},"author":2030,"featured_media":242032,"comment_status":"closed","ping_status":"closed","sticky":false,"template":"","format":"standard","meta":{"footnotes":""},"categories":[241,191],"tags":[],"class_list":{"0":"post-242030","1":"post","2":"type-post","3":"status-publish","4":"format-standard","5":"has-post-thumbnail","7":"category-aktualitet","8":"category-bota"},"_links":{"self":[{"href":"https:\/\/zjarr.tv\/en\/wp-json\/wp\/v2\/posts\/242030","targetHints":{"allow":["GET"]}}],"collection":[{"href":"https:\/\/zjarr.tv\/en\/wp-json\/wp\/v2\/posts"}],"about":[{"href":"https:\/\/zjarr.tv\/en\/wp-json\/wp\/v2\/types\/post"}],"author":[{"embeddable":true,"href":"https:\/\/zjarr.tv\/en\/wp-json\/wp\/v2\/users\/2030"}],"replies":[{"embeddable":true,"href":"https:\/\/zjarr.tv\/en\/wp-json\/wp\/v2\/comments?post=242030"}],"version-history":[{"count":0,"href":"https:\/\/zjarr.tv\/en\/wp-json\/wp\/v2\/posts\/242030\/revisions"}],"wp:featuredmedia":[{"embeddable":true,"href":"https:\/\/zjarr.tv\/en\/wp-json\/wp\/v2\/media\/242032"}],"wp:attachment":[{"href":"https:\/\/zjarr.tv\/en\/wp-json\/wp\/v2\/media?parent=242030"}],"wp:term":[{"taxonomy":"category","embeddable":true,"href":"https:\/\/zjarr.tv\/en\/wp-json\/wp\/v2\/categories?post=242030"},{"taxonomy":"post_tag","embeddable":true,"href":"https:\/\/zjarr.tv\/en\/wp-json\/wp\/v2\/tags?post=242030"}],"curies":[{"name":"wp","href":"https:\/\/api.w.org\/{rel}","templated":true}]}}