{"id":242035,"date":"2022-03-08T13:02:40","date_gmt":"2022-03-08T12:02:40","guid":{"rendered":"https:\/\/zjarr.tv\/?p=242035"},"modified":"2022-03-08T13:02:40","modified_gmt":"2022-03-08T12:02:40","slug":"nje-dite-pasi-humbi-zgjedhjet-lulzim-basha-mbledhje-urgjente-me-kryetaret-e-degeve","status":"publish","type":"post","link":"https:\/\/zjarr.tv\/en\/nje-dite-pasi-humbi-zgjedhjet-lulzim-basha-mbledhje-urgjente-me-kryetaret-e-degeve\/","title":{"rendered":"Nj\u00eb dit\u00eb pasi humbi zgjedhjet, Lulzim Basha mbledhje URGJENTE me kryetar\u00ebt e deg\u00ebve"},"content":{"rendered":"<p>Kryetari i Partis\u00eb Demokratike, Lulzim Basha, dit\u00ebn e sotme n\u00eb or\u00ebn 17:00 pritet t\u00eb zhvilloj\u00eb nj\u00eb mbledhje me kryetar\u00ebt e deg\u00ebve.<\/p>\n<p>Kjo mbledhje e kreut t\u00eb PD-s\u00eb vjen nj\u00eb dit\u00eb pas mbledhjes me grupin parlamentar ku shimica e deputet\u00ebve demokrat\u00ebve i k\u00ebrkon Bash\u00ebs t\u00eb jap\u00eb dor\u00ebheqjen nga partia.<\/p>\n<p>T\u00eb par\u00ebt q\u00eb k\u00ebrkuan q\u00eb kreu i Partis\u00eb t\u00eb mbante p\u00ebrgjegj\u00ebsi p\u00ebr zgjedhjet e 6 Marsit ishin n\u00ebnkryetar\u00ebt Agron Gjekmarkaj dhe Grida Duma.<\/p>\n<p>Dit\u00ebn e djeshme Lulzim Basha pas humbjes s\u00eb zgjedhjeve t\u00eb pjesshme vendore, n\u00eb nj\u00eb deklarat\u00eb p\u00ebr mediat tha se \u201cai nuk ka humbur asnj\u00eb gar\u00eb\u201d, deklarat\u00eb e cila solli reagime t\u00eb forta.<\/p>","protected":false},"excerpt":{"rendered":"<p>Kryetari i Partis\u00eb Demokratike, Lulzim Basha, dit\u00ebn e sotme n\u00eb or\u00ebn 17:00 pritet t\u00eb zhvilloj\u00eb nj\u00eb mbledhje me kryetar\u00ebt e deg\u00ebve. Kjo mbledhje e kreut t\u00eb PD-s\u00eb vjen nj\u00eb dit\u00eb pas mbledhjes me grupin parlamentar ku shimica e deputet\u00ebve demokrat\u00ebve i k\u00ebrkon Bash\u00ebs t\u00eb jap\u00eb dor\u00ebheqjen nga partia. T\u00eb par\u00ebt q\u00eb k\u00ebrkuan q\u00eb kreu i [&hellip;]<\/p>\n","protected":false},"author":2030,"featured_media":242000,"comment_status":"closed","ping_status":"closed","sticky":false,"template":"","format":"standard","meta":{"footnotes":""},"categories":[241,3366,231,1454],"tags":[],"class_list":{"0":"post-242035","1":"post","2":"type-post","3":"status-publish","4":"format-standard","5":"has-post-thumbnail","7":"category-aktualitet","8":"category-koment","9":"category-lajme","10":"category-politike"},"_links":{"self":[{"href":"https:\/\/zjarr.tv\/en\/wp-json\/wp\/v2\/posts\/242035","targetHints":{"allow":["GET"]}}],"collection":[{"href":"https:\/\/zjarr.tv\/en\/wp-json\/wp\/v2\/posts"}],"about":[{"href":"https:\/\/zjarr.tv\/en\/wp-json\/wp\/v2\/types\/post"}],"author":[{"embeddable":true,"href":"https:\/\/zjarr.tv\/en\/wp-json\/wp\/v2\/users\/2030"}],"replies":[{"embeddable":true,"href":"https:\/\/zjarr.tv\/en\/wp-json\/wp\/v2\/comments?post=242035"}],"version-history":[{"count":0,"href":"https:\/\/zjarr.tv\/en\/wp-json\/wp\/v2\/posts\/242035\/revisions"}],"wp:featuredmedia":[{"embeddable":true,"href":"https:\/\/zjarr.tv\/en\/wp-json\/wp\/v2\/media\/242000"}],"wp:attachment":[{"href":"https:\/\/zjarr.tv\/en\/wp-json\/wp\/v2\/media?parent=242035"}],"wp:term":[{"taxonomy":"category","embeddable":true,"href":"https:\/\/zjarr.tv\/en\/wp-json\/wp\/v2\/categories?post=242035"},{"taxonomy":"post_tag","embeddable":true,"href":"https:\/\/zjarr.tv\/en\/wp-json\/wp\/v2\/tags?post=242035"}],"curies":[{"name":"wp","href":"https:\/\/api.w.org\/{rel}","templated":true}]}}