{"id":242038,"date":"2022-03-08T13:05:12","date_gmt":"2022-03-08T12:05:12","guid":{"rendered":"https:\/\/zjarr.tv\/?p=242038"},"modified":"2022-03-08T13:05:12","modified_gmt":"2022-03-08T12:05:12","slug":"te-pakten-mbyll-gojen-e-na-kurse-te-vjellat-kryemadhi-reagon-pas-konferences-se-rames-per-rritjen-e-cmimeve-cdo-gje-vjen-nga-veprimet-e-tua","status":"publish","type":"post","link":"https:\/\/zjarr.tv\/en\/te-pakten-mbyll-gojen-e-na-kurse-te-vjellat-kryemadhi-reagon-pas-konferences-se-rames-per-rritjen-e-cmimeve-cdo-gje-vjen-nga-veprimet-e-tua\/","title":{"rendered":"\u201cT\u00eb pakt\u00ebn mbyll goj\u00ebn e na kurse t\u00eb vjellat\u201d, Kryemadhi reagon pas konferenc\u00ebs s\u00eb Ram\u00ebs p\u00ebr rritjen e \u00e7mimeve: \u00c7do gj\u00eb vjen nga veprimet e tua"},"content":{"rendered":"<p>Kryetarja e LSI, Monika Kryemadhi ka reaguar pas deklarat\u00ebs s\u00eb kryeministrit Edi Rama, ku foli pak m\u00eb par\u00eb p\u00ebr rritjen e \u00e7mimit t\u00eb naft\u00ebs si dhe p\u00ebr kriz\u00ebn energjikike.<\/p>\n<p>Kryemadhi me an\u00eb t\u00eb nj\u00eb postimi n\u00eb rrjetet sociale shkruan se Shqip\u00ebria nuk ka shpallur ligj\u00ebrisht gjendjen e luft\u00ebs dhe \u00e7mimet e karburanteve, energjis\u00eb elektrike, taksat e larta, jan\u00eb t\u00eb ndikuara vet\u00ebm prej vendimmarrjeve t\u00eb Edi Ram\u00ebs n\u00eb krye t\u00eb qeveris\u00eb.<\/p>\n<p>Ajo shkruan \u201cndryshe nga vendet e tjera t\u00eb Evrop\u00ebs q\u00eb vuajn\u00eb p\u00ebr burime t\u00eb prodhimit t\u00eb energjis\u00eb, Shqip\u00ebria \u00ebsht\u00eb e pasur n\u00eb n\u00ebntok\u00ebn e saj me naft\u00eb, e bekuar me burime hidrike p\u00ebr prodhim energjie, me diell p\u00ebrgjat\u00eb gjith\u00eb vitit. P\u00ebrmes nj\u00eb qeverisje t\u00eb kujdesshme n\u00eb menaxhimin e tyre, shqiptar\u00ebt energjin\u00eb elektrike, naft\u00ebn dhe n\u00ebnproduktet e saj do duhet t\u2019i merrnin gjithmon\u00eb me kosto shum\u00eb her\u00eb m\u00eb t\u00eb p\u00ebrballueshme\u201d.<\/p>\n<p>Postimi i plot\u00eb i Kryemadhit:<\/p>\n<p>Me e pakta mbyll goj\u00ebn dhe na kurse t\u00eb vjellat. Lufta nuk \u00ebsht\u00eb gjendje psiqike, por shpallet sipas parashikimeve ligjore. Shqip\u00ebria nuk ka shpallur ligj\u00ebrisht gjendjen e luft\u00ebs dhe \u00e7mimet e karburanteve, energjis\u00eb elektrike, taksat e larta, jan\u00eb t\u00eb ndikuara vet\u00ebm prej vendimmarrjeve t\u00eb Edi Ram\u00ebs n\u00eb krye t\u00eb qeveris\u00eb.<\/p>\n<p>Qytetar\u00ebt n\u00eb Maqedonin\u00eb e Veriut, vend i cili nuk prodhon asnj\u00eb fu\u00e7i naft\u00eb, e marrin naft\u00ebn m\u00eb lir\u00eb dhe cil\u00ebsisht m\u00eb t\u00eb mir\u00eb se qytetar\u00ebt tan\u00eb. Nafta q\u00eb marrin qytetar\u00ebt e Kosov\u00ebs importohet n\u00eb Durr\u00ebs, transportohet deri atje dhe n\u00eb pompa \u00ebsht\u00eb m\u00eb e lir\u00eb se nafta q\u00eb marrin qytetar\u00ebt tan\u00eb.<\/p>\n<p>Kaq duhet t\u00eb mjaftoj\u00eb p\u00ebr t\u00eb kuptuar cili \u00ebsht\u00eb ndikues p\u00ebr shtrenjtimin aktual t\u00eb karburanteve,\u00a0 produkte jetike q\u00eb ndikojn\u00eb ekonomin\u00eb e \u00e7do familje dhe biznesi n\u00eb vend.<\/p>\n<p>Ndryshe nga vendet e tjera t\u00eb Evrop\u00ebs q\u00eb vuajn\u00eb p\u00ebr burime t\u00eb prodhimit t\u00eb energjis\u00eb, Shqip\u00ebria \u00ebsht\u00eb e pasur n\u00eb n\u00ebntok\u00ebn e saj me naft\u00eb, e bekuar me burime hidrike p\u00ebr prodhim energjie, me diell p\u00ebrgjat\u00eb gjith\u00eb vitit. P\u00ebrmes nj\u00eb qeverisje t\u00eb kujdesshme n\u00eb menaxhimin e tyre, shqiptar\u00ebt energjin\u00eb elektrike, naft\u00ebn dhe n\u00ebnproduktet e saj do duhet t\u2019i merrnin gjithmon\u00eb me kosto shum\u00eb her\u00eb m\u00eb t\u00eb p\u00ebrballueshme.<\/p>\n<p>Mos ja hani g\u00ebnjeshtrat por k\u00ebrkojini t\u00eb mbaj\u00eb p\u00ebrgjegj\u00ebsi! Sepse, nj\u00eb njeri q\u00eb edhe plehrat i shikon si mjet p\u00ebr tu pasuruar, si\u00e7 tregoi afera e incenerator\u00ebve, p\u00ebr t\u00eb cilin presim SPAK t\u00eb godas\u00eb fort\u00eb e lart\u00eb, n\u00eb \u00e7do moment t\u00eb ushtrimit t\u00eb funksionit njer\u00ebzit i konsideron miza dhe xhepin e vet m\u00eb t\u00eb r\u00ebnd\u00ebsish\u00ebm se ekonomia e familjeve shqiptare.<\/p>","protected":false},"excerpt":{"rendered":"<p>Kryetarja e LSI, Monika Kryemadhi ka reaguar pas deklarat\u00ebs s\u00eb kryeministrit Edi Rama, ku foli pak m\u00eb par\u00eb p\u00ebr rritjen e \u00e7mimit t\u00eb naft\u00ebs si dhe p\u00ebr kriz\u00ebn energjikike. Kryemadhi me an\u00eb t\u00eb nj\u00eb postimi n\u00eb rrjetet sociale shkruan se Shqip\u00ebria nuk ka shpallur ligj\u00ebrisht gjendjen e luft\u00ebs dhe \u00e7mimet e karburanteve, energjis\u00eb elektrike, taksat [&hellip;]<\/p>\n","protected":false},"author":2030,"featured_media":242039,"comment_status":"closed","ping_status":"closed","sticky":false,"template":"","format":"standard","meta":{"footnotes":""},"categories":[241,3366,5380,231,1454],"tags":[],"class_list":{"0":"post-242038","1":"post","2":"type-post","3":"status-publish","4":"format-standard","5":"has-post-thumbnail","7":"category-aktualitet","8":"category-koment","9":"category-kryesore","10":"category-lajme","11":"category-politike"},"_links":{"self":[{"href":"https:\/\/zjarr.tv\/en\/wp-json\/wp\/v2\/posts\/242038","targetHints":{"allow":["GET"]}}],"collection":[{"href":"https:\/\/zjarr.tv\/en\/wp-json\/wp\/v2\/posts"}],"about":[{"href":"https:\/\/zjarr.tv\/en\/wp-json\/wp\/v2\/types\/post"}],"author":[{"embeddable":true,"href":"https:\/\/zjarr.tv\/en\/wp-json\/wp\/v2\/users\/2030"}],"replies":[{"embeddable":true,"href":"https:\/\/zjarr.tv\/en\/wp-json\/wp\/v2\/comments?post=242038"}],"version-history":[{"count":0,"href":"https:\/\/zjarr.tv\/en\/wp-json\/wp\/v2\/posts\/242038\/revisions"}],"wp:featuredmedia":[{"embeddable":true,"href":"https:\/\/zjarr.tv\/en\/wp-json\/wp\/v2\/media\/242039"}],"wp:attachment":[{"href":"https:\/\/zjarr.tv\/en\/wp-json\/wp\/v2\/media?parent=242038"}],"wp:term":[{"taxonomy":"category","embeddable":true,"href":"https:\/\/zjarr.tv\/en\/wp-json\/wp\/v2\/categories?post=242038"},{"taxonomy":"post_tag","embeddable":true,"href":"https:\/\/zjarr.tv\/en\/wp-json\/wp\/v2\/tags?post=242038"}],"curies":[{"name":"wp","href":"https:\/\/api.w.org\/{rel}","templated":true}]}}