{"id":242042,"date":"2022-03-08T13:06:47","date_gmt":"2022-03-08T12:06:47","guid":{"rendered":"https:\/\/zjarr.tv\/?p=242042"},"modified":"2022-03-08T13:06:47","modified_gmt":"2022-03-08T12:06:47","slug":"neser-ne-oren-17-00-perballe-kryeministrise-paralajmerohet-proteste-per-rritjen-e-cmimit-te-naftes","status":"publish","type":"post","link":"https:\/\/zjarr.tv\/en\/neser-ne-oren-17-00-perballe-kryeministrise-paralajmerohet-proteste-per-rritjen-e-cmimit-te-naftes\/","title":{"rendered":"\u201cNes\u00ebr n\u00eb or\u00ebn 17.00 p\u00ebrball\u00eb Kryeministris\u00eb\u201d, paralajm\u00ebrohet protest\u00eb p\u00ebr rritjen e \u00e7mimit t\u00eb naft\u00ebs"},"content":{"rendered":"<p>Qytetar\u00eb t\u00eb Tiran\u00ebs dhe aktivist\u00eb t\u00eb shoq\u00ebris\u00eb civile kan\u00eb paralajm\u00ebruar nes\u00ebr nj\u00eb protest\u00eb p\u00ebrball\u00eb Kryeministris\u00eb. N\u00eb or\u00ebn 17.00 t\u00eb pasdites qytetar\u00ebt jan\u00eb thirrur t\u00eb grumbullohen para Kryeministris\u00eb, sepse si\u00e7 thon\u00eb, \u201c\u00e7mimet nuk do t\u00eb ndalen\u201d.<\/p>\n<p>Aktivisti dhe avokati Adriatik Lapaj shp\u00ebrndan thirrjen n\u00eb rrjetet sociale dhe k\u00ebrkon organizim.<\/p>\n<p>\u201cAta nuk duan q\u00eb ne t\u00eb dalim. Lajm b\u00ebhet e keqja, antivlera, tallavaja, sepse ato mbajn\u00eb me gajret miletin e l\u00ebn\u00eb t\u00eb qet\u00eb hajdut\u00ebt t\u00eb vjedhin nga xhepat tan\u00eb. Lajm nuk b\u00ebhet reagimi qytetar p\u00ebr \u00e7mimet, p\u00ebr pamund\u00ebsin\u00eb p\u00ebr t\u00eb paguar kostot e jetes\u00ebs sepse e v\u00ebrteta e sh\u00ebmtuar e prish fasad\u00ebn e jet\u00ebs mondane t\u00eb nj\u00eb pakice q\u00eb i imponohet nj\u00eb shumice t\u00eb shtypur.<\/p>\n<p>Ndaj b\u00ebhu lajms! Njofto k\u00eb mundesh. Organizohu. Nes\u00ebr ora 17.00 p\u00ebrball\u00eb Kryeministris\u00eb protestohet! Dikush do thoshte se nuk ndryshohet dot gj\u00eb\u2026se mos dol\u00ebn 30 000 qytetar\u00eb t\u00eb lir\u00eb dhe flasim prap\u00eb\u2026\u201d, shkruan aktivisti dhe avokati Adriatik Lapaj.<\/p>","protected":false},"excerpt":{"rendered":"<p>Qytetar\u00eb t\u00eb Tiran\u00ebs dhe aktivist\u00eb t\u00eb shoq\u00ebris\u00eb civile kan\u00eb paralajm\u00ebruar nes\u00ebr nj\u00eb protest\u00eb p\u00ebrball\u00eb Kryeministris\u00eb. N\u00eb or\u00ebn 17.00 t\u00eb pasdites qytetar\u00ebt jan\u00eb thirrur t\u00eb grumbullohen para Kryeministris\u00eb, sepse si\u00e7 thon\u00eb, \u201c\u00e7mimet nuk do t\u00eb ndalen\u201d. Aktivisti dhe avokati Adriatik Lapaj shp\u00ebrndan thirrjen n\u00eb rrjetet sociale dhe k\u00ebrkon organizim. \u201cAta nuk duan q\u00eb ne t\u00eb dalim. [&hellip;]<\/p>\n","protected":false},"author":2030,"featured_media":242043,"comment_status":"closed","ping_status":"closed","sticky":false,"template":"","format":"standard","meta":{"footnotes":""},"categories":[241,3366,5380,231],"tags":[],"class_list":{"0":"post-242042","1":"post","2":"type-post","3":"status-publish","4":"format-standard","5":"has-post-thumbnail","7":"category-aktualitet","8":"category-koment","9":"category-kryesore","10":"category-lajme"},"_links":{"self":[{"href":"https:\/\/zjarr.tv\/en\/wp-json\/wp\/v2\/posts\/242042","targetHints":{"allow":["GET"]}}],"collection":[{"href":"https:\/\/zjarr.tv\/en\/wp-json\/wp\/v2\/posts"}],"about":[{"href":"https:\/\/zjarr.tv\/en\/wp-json\/wp\/v2\/types\/post"}],"author":[{"embeddable":true,"href":"https:\/\/zjarr.tv\/en\/wp-json\/wp\/v2\/users\/2030"}],"replies":[{"embeddable":true,"href":"https:\/\/zjarr.tv\/en\/wp-json\/wp\/v2\/comments?post=242042"}],"version-history":[{"count":0,"href":"https:\/\/zjarr.tv\/en\/wp-json\/wp\/v2\/posts\/242042\/revisions"}],"wp:featuredmedia":[{"embeddable":true,"href":"https:\/\/zjarr.tv\/en\/wp-json\/wp\/v2\/media\/242043"}],"wp:attachment":[{"href":"https:\/\/zjarr.tv\/en\/wp-json\/wp\/v2\/media?parent=242042"}],"wp:term":[{"taxonomy":"category","embeddable":true,"href":"https:\/\/zjarr.tv\/en\/wp-json\/wp\/v2\/categories?post=242042"},{"taxonomy":"post_tag","embeddable":true,"href":"https:\/\/zjarr.tv\/en\/wp-json\/wp\/v2\/tags?post=242042"}],"curies":[{"name":"wp","href":"https:\/\/api.w.org\/{rel}","templated":true}]}}