{"id":242046,"date":"2022-03-08T14:29:10","date_gmt":"2022-03-08T13:29:10","guid":{"rendered":"https:\/\/zjarr.tv\/?p=242046"},"modified":"2022-03-08T14:29:10","modified_gmt":"2022-03-08T13:29:10","slug":"ervin-salianji-kerkon-publikisht-doreheqjen-e-bashes-duhet-te-beje-hap-pas-dhe-te-krijoje-mundesine-qe-pd-te-zhvilloje-zgjedhje","status":"publish","type":"post","link":"https:\/\/zjarr.tv\/en\/ervin-salianji-kerkon-publikisht-doreheqjen-e-bashes-duhet-te-beje-hap-pas-dhe-te-krijoje-mundesine-qe-pd-te-zhvilloje-zgjedhje\/","title":{"rendered":"Ervin Salianji k\u00ebrkon publikisht dor\u00ebheqjen e Bash\u00ebs: Duhet t\u00eb b\u00ebj\u00eb hap pas dhe t\u00eb krijoj\u00eb mund\u00ebsin\u00eb q\u00eb PD t\u00eb zhvilloj\u00eb zgjedhje"},"content":{"rendered":"<p>Pas deklarat\u00ebs n\u00eb Kuvend, deputeti Ervin Salianji ka reaguar s\u00ebrish duke dal\u00eb kund\u00ebr kreut t\u00eb PD, Lulzim Basha pas humbjes n\u00eb zgjedhjet e 6 marsit.<\/p>\n<p>Ai me an\u00eb t\u00eb nj\u00eb postimi n\u00eb rrjetet sociale shkruan se Basha duhet t\u00eb largohet dhe t\u00eb hapet gara brenda n\u00eb parti.<\/p>\n<p>\u201cLulzim Basha e ka humbur mb\u00ebshtetjen, fatkeq\u00ebsisht si kryetar partie \u00ebsht\u00eb\u00a0 barr\u00eb e r\u00ebnd\u00eb p\u00ebr opozit\u00ebn! LB duhet t\u00eb b\u00ebj\u00eb hap pas dhe t\u00eb krijoj\u00eb mund\u00ebsin\u00eb q\u00eb PD t\u00eb zhvilloj\u00eb zgjedhje\u201dshkruan ai nd\u00ebr t\u00eb tjera.<\/p>\n<p>Postimi i plot\u00eb n\u00eb rrjetet sociale:<\/p>\n<p>Rezultati i zgjedhjeve t\u00eb 6 Marsit ishte katastrofik p\u00ebr Partin\u00eb Demokratike.<\/p>\n<p>Kandidat\u00ebt e PDSH n\u00eb 6 bashki ishin demokrat\u00eb dinjitoz\u00eb, ata bashk\u00eb me demokrat\u00ebt b\u00ebn\u00eb \u00e7do p\u00ebrpjekje, por fryma popullore ishte mesazh i qart\u00eb p\u00ebr \u00e7do demokrat. Opozita u d\u00ebmtua dhe mori m\u00eb pak se gjysm\u00ebn e votave q\u00eb grumbulloi m\u00eb 25 Prill, bojkoti i votuesve tregoi kriz\u00ebn e besimit tek opozita. T\u00eb gjith\u00eb kan\u00eb p\u00ebrgjegj\u00ebsi p\u00ebr k\u00ebt\u00eb situatat\u00eb, p\u00ebrgjegj\u00ebsia kryesore \u00ebsht\u00eb tek kryetati i partis\u00eb.<\/p>\n<p>Personalisht kam b\u00ebr\u00eb beteja t\u00eb ashpra duke rriskuar gjith\u00e7ka, kam luftuar fort p\u00ebr t\u00eb ndihmuar q\u00eb Partia Demokratike t\u00eb vij\u00eb n\u00eb pushtet.<\/p>\n<p>Kam b\u00ebr\u00eb beteja q\u00eb Lulzim Basha t\u00eb jet\u00eb kryetar i Partis\u00eb Demokratike sepse kam menduar q\u00eb ishte rruga e duhur q\u00eb PDSH t\u00eb vij\u00eb n\u00eb pushtet!<\/p>\n<p>Sot nuk mund t\u00eb mbyll syt\u00eb dhe as t\u00eb fshihem, duhet ta lexojm\u00eb realitetin duke marr\u00eb \u00e7do p\u00ebrgjegj\u00ebsi, por p\u00ebrgjegj\u00ebsia kryesore bie tek kryetari i partis\u00eb!<\/p>\n<p>Lulzim Basha e ka humbur mb\u00ebshtetjen, fatkeq\u00ebsisht si kryetar partie \u00ebsht\u00eb\u00a0 barr\u00eb e r\u00ebnd\u00eb p\u00ebr opozit\u00ebn!<\/p>\n<p>LB duhet t\u00eb b\u00ebj\u00eb hap pas dhe t\u00eb krijoj\u00eb mund\u00ebsin\u00eb q\u00eb PD t\u00eb zhvilloj\u00eb zgjedhje!<\/p>\n<p>Demokrat\u00ebt jan\u00eb fitues, nuk pranojn\u00eb t\u00eb quajn\u00eb fitore\u00a0 vendin e tret\u00eb! Partia Demokratike do t\u00eb rib\u00ebhet, forca dhe energjia e demokrat\u00ebve \u00ebsht\u00eb e pashtershme!<\/p>","protected":false},"excerpt":{"rendered":"<p>Pas deklarat\u00ebs n\u00eb Kuvend, deputeti Ervin Salianji ka reaguar s\u00ebrish duke dal\u00eb kund\u00ebr kreut t\u00eb PD, Lulzim Basha pas humbjes n\u00eb zgjedhjet e 6 marsit. Ai me an\u00eb t\u00eb nj\u00eb postimi n\u00eb rrjetet sociale shkruan se Basha duhet t\u00eb largohet dhe t\u00eb hapet gara brenda n\u00eb parti. \u201cLulzim Basha e ka humbur mb\u00ebshtetjen, fatkeq\u00ebsisht si [&hellip;]<\/p>\n","protected":false},"author":2030,"featured_media":182480,"comment_status":"closed","ping_status":"closed","sticky":false,"template":"","format":"standard","meta":{"footnotes":""},"categories":[241,3366,5380,231,1454],"tags":[],"class_list":{"0":"post-242046","1":"post","2":"type-post","3":"status-publish","4":"format-standard","5":"has-post-thumbnail","7":"category-aktualitet","8":"category-koment","9":"category-kryesore","10":"category-lajme","11":"category-politike"},"_links":{"self":[{"href":"https:\/\/zjarr.tv\/en\/wp-json\/wp\/v2\/posts\/242046","targetHints":{"allow":["GET"]}}],"collection":[{"href":"https:\/\/zjarr.tv\/en\/wp-json\/wp\/v2\/posts"}],"about":[{"href":"https:\/\/zjarr.tv\/en\/wp-json\/wp\/v2\/types\/post"}],"author":[{"embeddable":true,"href":"https:\/\/zjarr.tv\/en\/wp-json\/wp\/v2\/users\/2030"}],"replies":[{"embeddable":true,"href":"https:\/\/zjarr.tv\/en\/wp-json\/wp\/v2\/comments?post=242046"}],"version-history":[{"count":0,"href":"https:\/\/zjarr.tv\/en\/wp-json\/wp\/v2\/posts\/242046\/revisions"}],"wp:featuredmedia":[{"embeddable":true,"href":"https:\/\/zjarr.tv\/en\/wp-json\/wp\/v2\/media\/182480"}],"wp:attachment":[{"href":"https:\/\/zjarr.tv\/en\/wp-json\/wp\/v2\/media?parent=242046"}],"wp:term":[{"taxonomy":"category","embeddable":true,"href":"https:\/\/zjarr.tv\/en\/wp-json\/wp\/v2\/categories?post=242046"},{"taxonomy":"post_tag","embeddable":true,"href":"https:\/\/zjarr.tv\/en\/wp-json\/wp\/v2\/tags?post=242046"}],"curies":[{"name":"wp","href":"https:\/\/api.w.org\/{rel}","templated":true}]}}