{"id":242065,"date":"2022-03-08T17:35:55","date_gmt":"2022-03-08T16:35:55","guid":{"rendered":"https:\/\/zjarr.tv\/?p=242065"},"modified":"2022-03-08T17:35:55","modified_gmt":"2022-03-08T16:35:55","slug":"tha-se-do-largohej-nga-politika-nese-pd-do-humbiste-shkodren-kapllanaj-ishte-deklarate-e-nxituar","status":"publish","type":"post","link":"https:\/\/zjarr.tv\/en\/tha-se-do-largohej-nga-politika-nese-pd-do-humbiste-shkodren-kapllanaj-ishte-deklarate-e-nxituar\/","title":{"rendered":"Tha se do largohej nga politika n\u00ebse PD do humbiste Shkodr\u00ebn, Kapllanaj: Ishte deklarat\u00eb e nxituar"},"content":{"rendered":"<p>Kryetari i Partis\u00eb Demokraite t\u00eb Fierit, Agron Kapllanaj nuk ka nd\u00ebrmend t\u00eb dor\u00ebhiqet nga politika, pas deklarat\u00ebs publike p\u00ebr ta b\u00ebr\u00eb nj\u00eb gj\u00eb t\u00eb till\u00eb, n\u00eb rast se PD-ja do t\u00eb humbiste Shkodr\u00ebn.<\/p>\n<p>\u201cIshte deklarat\u00eb e nxituar\u201d, tha Kapllanaj kur u pyet nga gazetar\u00ebt n\u00eb hyrje t\u00eb selis\u00eb blu.<\/p>\n<p>Ai deklaroi n\u00eb nj\u00eb emision televiziv se do t\u00eb largohej nga politika n\u00ebse Shkodr\u00ebn e fitonte kandidati i Sht\u00ebpis\u00eb s\u00eb Liris\u00eb.<\/p>\n<p>Deklarta e Kapllanajt para mbledhjes n\u00eb selin\u00eb blu:<\/p>\n<p>Keni hubmbur n\u00eb zgjedhje\u2026<\/p>\n<p>Kush tha<\/p>\n<p>Nuk e besoj<\/p>\n<p>Edhe ju si Basha nuk njihni humbjen?<\/p>\n<p>PD ka humbur shum\u00eb beteja nga 90 deri sot<\/p>\n<p>Do dor\u00ebhiqeni pas humbjes s\u00eb Shkodr\u00ebs?<\/p>\n<p>Ishte deklarat\u00eb e nxituar. Shkodr\u00ebn s\u2019e kemi humbur ne, e ka fituar Sali Berisha, Edi Rama dhe Tom Doshi<\/p>","protected":false},"excerpt":{"rendered":"<p>Kryetari i Partis\u00eb Demokraite t\u00eb Fierit, Agron Kapllanaj nuk ka nd\u00ebrmend t\u00eb dor\u00ebhiqet nga politika, pas deklarat\u00ebs publike p\u00ebr ta b\u00ebr\u00eb nj\u00eb gj\u00eb t\u00eb till\u00eb, n\u00eb rast se PD-ja do t\u00eb humbiste Shkodr\u00ebn. \u201cIshte deklarat\u00eb e nxituar\u201d, tha Kapllanaj kur u pyet nga gazetar\u00ebt n\u00eb hyrje t\u00eb selis\u00eb blu. Ai deklaroi n\u00eb nj\u00eb emision televiziv [&hellip;]<\/p>\n","protected":false},"author":2030,"featured_media":242066,"comment_status":"closed","ping_status":"closed","sticky":false,"template":"","format":"standard","meta":{"footnotes":""},"categories":[241,3366,1454],"tags":[],"class_list":{"0":"post-242065","1":"post","2":"type-post","3":"status-publish","4":"format-standard","5":"has-post-thumbnail","7":"category-aktualitet","8":"category-koment","9":"category-politike"},"_links":{"self":[{"href":"https:\/\/zjarr.tv\/en\/wp-json\/wp\/v2\/posts\/242065","targetHints":{"allow":["GET"]}}],"collection":[{"href":"https:\/\/zjarr.tv\/en\/wp-json\/wp\/v2\/posts"}],"about":[{"href":"https:\/\/zjarr.tv\/en\/wp-json\/wp\/v2\/types\/post"}],"author":[{"embeddable":true,"href":"https:\/\/zjarr.tv\/en\/wp-json\/wp\/v2\/users\/2030"}],"replies":[{"embeddable":true,"href":"https:\/\/zjarr.tv\/en\/wp-json\/wp\/v2\/comments?post=242065"}],"version-history":[{"count":0,"href":"https:\/\/zjarr.tv\/en\/wp-json\/wp\/v2\/posts\/242065\/revisions"}],"wp:featuredmedia":[{"embeddable":true,"href":"https:\/\/zjarr.tv\/en\/wp-json\/wp\/v2\/media\/242066"}],"wp:attachment":[{"href":"https:\/\/zjarr.tv\/en\/wp-json\/wp\/v2\/media?parent=242065"}],"wp:term":[{"taxonomy":"category","embeddable":true,"href":"https:\/\/zjarr.tv\/en\/wp-json\/wp\/v2\/categories?post=242065"},{"taxonomy":"post_tag","embeddable":true,"href":"https:\/\/zjarr.tv\/en\/wp-json\/wp\/v2\/tags?post=242065"}],"curies":[{"name":"wp","href":"https:\/\/api.w.org\/{rel}","templated":true}]}}