{"id":242069,"date":"2022-03-08T18:41:33","date_gmt":"2022-03-08T17:41:33","guid":{"rendered":"https:\/\/zjarr.tv\/?p=242069"},"modified":"2022-03-08T18:41:33","modified_gmt":"2022-03-08T17:41:33","slug":"dolen-te-fundit-ne-diber-e-shkoder-luan-haka-dhe-xhemal-bushati-i-dalin-ne-krah-bashes-e-duan-mbi-70-e-dibraneve-po-iku-basha-nuk-ka-lidership","status":"publish","type":"post","link":"https:\/\/zjarr.tv\/en\/dolen-te-fundit-ne-diber-e-shkoder-luan-haka-dhe-xhemal-bushati-i-dalin-ne-krah-bashes-e-duan-mbi-70-e-dibraneve-po-iku-basha-nuk-ka-lidership\/","title":{"rendered":"Dol\u00ebn t\u00eb fundit n\u00eb Dib\u00ebr e Shkod\u00ebr, Luan Haka dhe Xhemal Bushati i dalin n\u00eb krah Bash\u00ebs: E duan mbi 70% e dibran\u00ebve! Po iku Basha nuk ka lidership"},"content":{"rendered":"<p>Lulzim Basha ka thirrur sot n\u00eb selin\u00eb e PD Kolegjin e kryetar\u00ebve t\u00eb deg\u00ebve, nj\u00eb dit\u00eb pasi nj\u00eb pjes\u00eb e madhe e dpeutet\u00ebtve t\u00eb tij i k\u00ebrkuan largimin pas humbjes n\u00eb zgjedhjet e 6 Marsit.<\/p>\n<p>Mes kryetar\u00ebve t\u00eb deg\u00ebve q\u00eb mb\u00ebrrit\u00ebn n\u00eb selin\u00eb e Pd ishin edhe Xhemal Bushati i Shkodr\u00ebs dhe Luan Haka i Dibr\u00ebs, t\u00eb cil\u00ebt kandidua edhe p\u00ebr kryetar\u00eb bashkie, por t\u00eb dy dol\u00ebn t\u00eb fundit n\u00eb gar\u00ebn p\u00ebrball\u00eb PS-s\u00eb dhe Sht\u00ebpis\u00eb s\u00eb Liris\u00eb.<\/p>\n<p>Teksa \u00ebsht\u00eb ndlauar nga gazetar\u00ebt p\u00ebrpara hyrjes n\u00eb seli, Xhemal Bushati i ka dal\u00eb n\u00eb krah kryedemokratit, duke u shprehur se largimi i Bash\u00ebs e l\u00eb PD-n\u00eb pa lidership.<\/p>\n<p>\u201cP\u00ebrse duhet t\u00eb jap\u00eb dor\u00ebheqjen Basha? \u00cbsht\u00eb e v\u00ebrtet\u00eb do t\u00eb b\u00ebjm\u00eb analiz\u00ebn p\u00ebr zgjedhjet do t\u00eb b\u00ebjm\u00eb analiz\u00ebn, po iku Basha nuk ka lidership\u201d, tha Bushati.<\/p>\n<p>Edhe Luan Haka doli n\u00eb mbrojtje t\u00eb Bash\u00ebs, teksa tha se kryetarin e PD-s\u00eb e duan 70% e dibran\u00ebve.<\/p>\n<p>\u201cBasha ka b\u00ebr\u00eb fushat\u00eb sa t\u00eb duash. Ne nuk e dor\u00ebzuam bashkin\u00eb, do vazhdojm\u00eb betej\u00ebn. Kur ke p\u00ebrball\u00eb nj\u00eb band\u00eb, dihet q\u00eb do ndodhte k\u00ebshtu. Demokrat\u00ebt e Dibr\u00ebs e duan shum\u00eb Bash\u00ebn. E duan mbi 70%. Un\u00eb kam dal\u00eb shum\u00eb i fituar n\u00eb Dib\u00ebr. Kam dal\u00eb i treti, por kam dal\u00eb shum\u00eb i fituar\u201d, tha Luan Haka.<\/p>","protected":false},"excerpt":{"rendered":"<p>Lulzim Basha ka thirrur sot n\u00eb selin\u00eb e PD Kolegjin e kryetar\u00ebve t\u00eb deg\u00ebve, nj\u00eb dit\u00eb pasi nj\u00eb pjes\u00eb e madhe e dpeutet\u00ebtve t\u00eb tij i k\u00ebrkuan largimin pas humbjes n\u00eb zgjedhjet e 6 Marsit. Mes kryetar\u00ebve t\u00eb deg\u00ebve q\u00eb mb\u00ebrrit\u00ebn n\u00eb selin\u00eb e Pd ishin edhe Xhemal Bushati i Shkodr\u00ebs dhe Luan Haka i [&hellip;]<\/p>\n","protected":false},"author":2030,"featured_media":242070,"comment_status":"closed","ping_status":"closed","sticky":false,"template":"","format":"standard","meta":{"footnotes":""},"categories":[241,3366],"tags":[],"class_list":{"0":"post-242069","1":"post","2":"type-post","3":"status-publish","4":"format-standard","5":"has-post-thumbnail","7":"category-aktualitet","8":"category-koment"},"_links":{"self":[{"href":"https:\/\/zjarr.tv\/en\/wp-json\/wp\/v2\/posts\/242069","targetHints":{"allow":["GET"]}}],"collection":[{"href":"https:\/\/zjarr.tv\/en\/wp-json\/wp\/v2\/posts"}],"about":[{"href":"https:\/\/zjarr.tv\/en\/wp-json\/wp\/v2\/types\/post"}],"author":[{"embeddable":true,"href":"https:\/\/zjarr.tv\/en\/wp-json\/wp\/v2\/users\/2030"}],"replies":[{"embeddable":true,"href":"https:\/\/zjarr.tv\/en\/wp-json\/wp\/v2\/comments?post=242069"}],"version-history":[{"count":0,"href":"https:\/\/zjarr.tv\/en\/wp-json\/wp\/v2\/posts\/242069\/revisions"}],"wp:featuredmedia":[{"embeddable":true,"href":"https:\/\/zjarr.tv\/en\/wp-json\/wp\/v2\/media\/242070"}],"wp:attachment":[{"href":"https:\/\/zjarr.tv\/en\/wp-json\/wp\/v2\/media?parent=242069"}],"wp:term":[{"taxonomy":"category","embeddable":true,"href":"https:\/\/zjarr.tv\/en\/wp-json\/wp\/v2\/categories?post=242069"},{"taxonomy":"post_tag","embeddable":true,"href":"https:\/\/zjarr.tv\/en\/wp-json\/wp\/v2\/tags?post=242069"}],"curies":[{"name":"wp","href":"https:\/\/api.w.org\/{rel}","templated":true}]}}