{"id":242073,"date":"2022-03-08T18:53:49","date_gmt":"2022-03-08T17:53:49","guid":{"rendered":"https:\/\/zjarr.tv\/?p=242073"},"modified":"2022-03-08T18:53:49","modified_gmt":"2022-03-08T17:53:49","slug":"kerkova-doreheqjen-e-tij-xhaferraj-refuzoj-te-pranoj-se-pd-eshte-e-ndare-ndermjet-bashes-dhe-berishes-pd-mund-te-prodhoje-lidership-te-ri","status":"publish","type":"post","link":"https:\/\/zjarr.tv\/en\/kerkova-doreheqjen-e-tij-xhaferraj-refuzoj-te-pranoj-se-pd-eshte-e-ndare-ndermjet-bashes-dhe-berishes-pd-mund-te-prodhoje-lidership-te-ri\/","title":{"rendered":"\u201cK\u00ebrkova dor\u00ebheqjen e tij\u201d, Xhaferraj: Refuzoj t\u00eb pranoj se PD \u00ebsht\u00eb e ndar\u00eb nd\u00ebrmjet Bash\u00ebs dhe Berish\u00ebs, PD mund t\u00eb prodhoj\u00eb lidership t\u00eb ri"},"content":{"rendered":"<p>Deputeti Ferdinand Xhaferaj thot\u00eb se mbr\u00ebm\u00eb n\u00eb mbledhjen e Grupit Parlamentar ka k\u00ebrkuar q\u00eb kreu i PD, Lulzim Basha t\u00eb jap\u00eb dor\u00ebheqje. Kjo vjen pas humbjeve n\u00eb zgjedhjet e 6 marsit.<\/p>\n<p>Me an\u00eb t\u00eb nj\u00eb postimi n\u00eb rrjetet sociale ai shkruan se nuk e pranon at\u00eb q\u00eb Basha tha se nuk kan\u00eb humbur asnj\u00eb zgjedhje, teksa shton se nj\u00ebsoj refuzoj t\u00eb pranoj se PD \u00ebsht\u00eb e ndar\u00eb nd\u00ebrmjet Bash\u00ebs dhe Berish\u00ebs dhe s\u2019ka opsion p\u00ebrtej tyre.<\/p>\n<p>Deputeti thot\u00eb se PD ka kapacitet p\u00ebr t\u00eb prodhuar nj\u00eb lidership t\u00eb ri.<\/p>\n<p>\u201cMbr\u00ebm\u00eb, gjat\u00eb mbledhjes s\u00eb Grupit Parlamentar, kam k\u00ebrkuar dor\u00ebheqjen e Lulzim Bashes nga posti I Kryetarit t\u00eb Partis\u00eb Demokratike. Alternativa q\u00eb PD paraqet n\u00ebn lidershipin e tij qartazi nuk \u00ebsht\u00eb e p\u00eblqyer as nga baza e partis\u00eb, as nga votuesit e djatht\u00eb, as nga elektorati gri.<\/p>\n<p>Un\u00eb refuzoj t\u00eb pranoj se Lulzim Basha nuk ka humbur asnj\u00eb gar\u00eb. Po nj\u00ebsoj refuzoj t\u00eb pranoj se PD \u00ebsht\u00eb e ndar\u00eb nd\u00ebrmjet Bash\u00ebs dhe Berish\u00ebs dhe s\u2019ka opsion p\u00ebrtej tyre. Themelet e nj\u00eb opozite t\u00eb v\u00ebrtet\u00eb, sic e meritojn\u00eb demokrat\u00eb dhe m\u00eb gjer\u00eb, hidhen duke dal\u00eb s\u00eb pari nga kurthi i kultit t\u00eb individit. Grupi Parlamentar i PD-s\u00eb e ka kapacitetin dhe mbi t\u00eb gjitha p\u00ebrgjegj\u00ebsin\u00eb t\u00eb prodhoj\u00eb nj\u00eb lidership t\u00eb ri q\u00eb t\u00eb nis\u00eb procesin e v\u00ebshtir\u00eb por shpres\u00ebdh\u00ebn\u00ebs t\u00eb ringritjes s\u00eb partis\u00eb\u201d shkruan Xhaferaj.<\/p>","protected":false},"excerpt":{"rendered":"<p>Deputeti Ferdinand Xhaferaj thot\u00eb se mbr\u00ebm\u00eb n\u00eb mbledhjen e Grupit Parlamentar ka k\u00ebrkuar q\u00eb kreu i PD, Lulzim Basha t\u00eb jap\u00eb dor\u00ebheqje. Kjo vjen pas humbjeve n\u00eb zgjedhjet e 6 marsit. Me an\u00eb t\u00eb nj\u00eb postimi n\u00eb rrjetet sociale ai shkruan se nuk e pranon at\u00eb q\u00eb Basha tha se nuk kan\u00eb humbur asnj\u00eb zgjedhje, [&hellip;]<\/p>\n","protected":false},"author":2030,"featured_media":242074,"comment_status":"closed","ping_status":"closed","sticky":false,"template":"","format":"standard","meta":{"footnotes":""},"categories":[241,3366,5380,231,1454],"tags":[],"class_list":{"0":"post-242073","1":"post","2":"type-post","3":"status-publish","4":"format-standard","5":"has-post-thumbnail","7":"category-aktualitet","8":"category-koment","9":"category-kryesore","10":"category-lajme","11":"category-politike"},"_links":{"self":[{"href":"https:\/\/zjarr.tv\/en\/wp-json\/wp\/v2\/posts\/242073","targetHints":{"allow":["GET"]}}],"collection":[{"href":"https:\/\/zjarr.tv\/en\/wp-json\/wp\/v2\/posts"}],"about":[{"href":"https:\/\/zjarr.tv\/en\/wp-json\/wp\/v2\/types\/post"}],"author":[{"embeddable":true,"href":"https:\/\/zjarr.tv\/en\/wp-json\/wp\/v2\/users\/2030"}],"replies":[{"embeddable":true,"href":"https:\/\/zjarr.tv\/en\/wp-json\/wp\/v2\/comments?post=242073"}],"version-history":[{"count":0,"href":"https:\/\/zjarr.tv\/en\/wp-json\/wp\/v2\/posts\/242073\/revisions"}],"wp:featuredmedia":[{"embeddable":true,"href":"https:\/\/zjarr.tv\/en\/wp-json\/wp\/v2\/media\/242074"}],"wp:attachment":[{"href":"https:\/\/zjarr.tv\/en\/wp-json\/wp\/v2\/media?parent=242073"}],"wp:term":[{"taxonomy":"category","embeddable":true,"href":"https:\/\/zjarr.tv\/en\/wp-json\/wp\/v2\/categories?post=242073"},{"taxonomy":"post_tag","embeddable":true,"href":"https:\/\/zjarr.tv\/en\/wp-json\/wp\/v2\/tags?post=242073"}],"curies":[{"name":"wp","href":"https:\/\/api.w.org\/{rel}","templated":true}]}}