{"id":242111,"date":"2022-03-09T04:43:02","date_gmt":"2022-03-09T03:43:02","guid":{"rendered":"https:\/\/zjarr.tv\/?p=242111"},"modified":"2022-03-09T04:43:02","modified_gmt":"2022-03-09T03:43:02","slug":"kryeministri-i-hungarise-sanksionet-ndaj-rusise-nuk-duhet-te-perfshijne-ndalimin-e-importeve-ruse-te-energjise","status":"publish","type":"post","link":"https:\/\/zjarr.tv\/en\/kryeministri-i-hungarise-sanksionet-ndaj-rusise-nuk-duhet-te-perfshijne-ndalimin-e-importeve-ruse-te-energjise\/","title":{"rendered":"Kryeministri i Hungaris\u00eb: Sanksionet ndaj Rusis\u00eb nuk duhet t\u00eb p\u00ebrfshijn\u00eb ndalimin e importeve ruse t\u00eb energjis\u00eb"},"content":{"rendered":"<p>Kryeministri hungarez Viktor Orban u shpreh dit\u00ebn e sotme se Hungaria d\u00ebnon sulmin e Rusis\u00eb ndaj Ukrian\u00ebs, por ajo nuk mb\u00ebshtet sanksionet kund\u00ebr Mosk\u00ebs q\u00eb p\u00ebrfshijn\u00eb ndalimin e importeve ruse t\u00eb energjis\u00eb.  <\/p>\n<p>\u201cNd\u00ebrsa ne d\u00ebnojm\u00eb ofensiv\u00ebn e armatosur t\u00eb Rusis\u00eb dhe d\u00ebnojm\u00eb gjithashtu luft\u00ebn, ne nuk do t\u00eb lejojm\u00eb q\u00eb familjet hungareze t\u00eb paguajn\u00eb \u00e7mimin e luft\u00ebs; dhe k\u00ebshtu sanksionet nuk duhet t\u00eb shtrihen n\u00eb zonat e naft\u00ebs dhe gazit\u201d, tha Orban.<\/p>\n<p>\u201cZgjerimi i sanksioneve ndaj sektorit energjetik rus do t\u00eb p\u00ebrfaq\u00ebsonte nj\u00eb \u2018barr\u00eb n\u00eb m\u00ebnyr\u00eb disproporcionale t\u00eb madhe\u2019 p\u00ebr Hungarin\u00eb, shtoi ai.<\/p>\n<p>Shumica e importeve t\u00eb naft\u00ebs dhe gazit natyror t\u00eb Hungaris\u00eb vijn\u00eb nga Rusia dhe 90% e familjeve hungareze ngrohin sht\u00ebpit\u00eb e tyre me gaz, ndaj kjo \u00ebsht\u00eb arsyeja q\u00eb Orban nuk pranon sanksionet ndaj Rusis\u00eb.<\/p>","protected":false},"excerpt":{"rendered":"<p>Kryeministri hungarez Viktor Orban u shpreh dit\u00ebn e sotme se Hungaria d\u00ebnon sulmin e Rusis\u00eb ndaj Ukrian\u00ebs, por ajo nuk mb\u00ebshtet sanksionet kund\u00ebr Mosk\u00ebs q\u00eb p\u00ebrfshijn\u00eb ndalimin e importeve ruse t\u00eb energjis\u00eb. \u201cNd\u00ebrsa ne d\u00ebnojm\u00eb ofensiv\u00ebn e armatosur t\u00eb Rusis\u00eb dhe d\u00ebnojm\u00eb gjithashtu luft\u00ebn, ne nuk do t\u00eb lejojm\u00eb q\u00eb familjet hungareze t\u00eb paguajn\u00eb \u00e7mimin [&hellip;]<\/p>\n","protected":false},"author":2031,"featured_media":242112,"comment_status":"closed","ping_status":"closed","sticky":false,"template":"","format":"standard","meta":{"footnotes":""},"categories":[231],"tags":[],"class_list":{"0":"post-242111","1":"post","2":"type-post","3":"status-publish","4":"format-standard","5":"has-post-thumbnail","7":"category-lajme"},"_links":{"self":[{"href":"https:\/\/zjarr.tv\/en\/wp-json\/wp\/v2\/posts\/242111","targetHints":{"allow":["GET"]}}],"collection":[{"href":"https:\/\/zjarr.tv\/en\/wp-json\/wp\/v2\/posts"}],"about":[{"href":"https:\/\/zjarr.tv\/en\/wp-json\/wp\/v2\/types\/post"}],"author":[{"embeddable":true,"href":"https:\/\/zjarr.tv\/en\/wp-json\/wp\/v2\/users\/2031"}],"replies":[{"embeddable":true,"href":"https:\/\/zjarr.tv\/en\/wp-json\/wp\/v2\/comments?post=242111"}],"version-history":[{"count":0,"href":"https:\/\/zjarr.tv\/en\/wp-json\/wp\/v2\/posts\/242111\/revisions"}],"wp:featuredmedia":[{"embeddable":true,"href":"https:\/\/zjarr.tv\/en\/wp-json\/wp\/v2\/media\/242112"}],"wp:attachment":[{"href":"https:\/\/zjarr.tv\/en\/wp-json\/wp\/v2\/media?parent=242111"}],"wp:term":[{"taxonomy":"category","embeddable":true,"href":"https:\/\/zjarr.tv\/en\/wp-json\/wp\/v2\/categories?post=242111"},{"taxonomy":"post_tag","embeddable":true,"href":"https:\/\/zjarr.tv\/en\/wp-json\/wp\/v2\/tags?post=242111"}],"curies":[{"name":"wp","href":"https:\/\/api.w.org\/{rel}","templated":true}]}}