{"id":242115,"date":"2022-03-09T04:46:40","date_gmt":"2022-03-09T03:46:40","guid":{"rendered":"https:\/\/zjarr.tv\/?p=242115"},"modified":"2022-03-09T04:46:40","modified_gmt":"2022-03-09T03:46:40","slug":"rezart-thupi-sulmon-grida-dumen-ne-fushate-vinte-1-here-ne-3-dite-anashkaloi-takimin-me-grate-per-nje-qoke-familjare","status":"publish","type":"post","link":"https:\/\/zjarr.tv\/en\/rezart-thupi-sulmon-grida-dumen-ne-fushate-vinte-1-here-ne-3-dite-anashkaloi-takimin-me-grate-per-nje-qoke-familjare\/","title":{"rendered":"Rezart Thupi sulmon Grida Dum\u00ebn: N\u00eb fushat\u00eb vinte 1 her\u00eb n\u00eb 3 dit\u00eb! Anashkaloi takimin me grat\u00eb p\u00ebr nj\u00eb qok\u00eb familjare"},"content":{"rendered":"<p>Drejtuesi i fushat\u00ebs s\u00eb Luan Hotit n\u00eb Durr\u00ebs, Rezart Thupi, ka hedhur akuza t\u00eb forta ndaj n\u00ebnkryetares s\u00eb PD-s\u00eb, Grida Duma, pasi u shpreh n\u00eb mbledhjen e Kolegjit t\u00eb Kryetar\u00ebve se ajo nuk u angazhua fare n\u00eb fushat\u00eb.<\/p>\n<p>Sipas tij, Duma shkonte n\u00eb fushat\u00eb 1 her\u00eb n\u00eb 3 dit\u00eb dhe nuyk publikoi kurr\u00eb foto me kandidatin, teksa shtoi se edhe nj\u00eb takim q\u00eb organizoi me grat\u00eb, e anashkaloi p\u00ebr nj\u00eb qok\u00eb familjare.<\/p>\n<p>\u201cT\u00eb deleguarit kan\u00eb punuar sikur fushata ishte 3 muaj. duhet t\u2019ju them q\u00eb ishim vet\u00ebm. Ju si kryetar partie, soll\u00ebt si t\u00eb deleguar me shum\u00eb pushtet zonj\u00ebn Duma, q\u00eb e d\u00ebgjova dje me shum\u00eb interes ku k\u00ebrkonte dor\u00ebheqjen tuaj. E d\u00ebrguara politike zonja Duma ka ardhur nj\u00eb her\u00eb n\u00eb 3 dit\u00eb. Publikoi foto pa kandidatin. Organizoi takim me grat\u00eb dhe u anashkalua takimi p\u00ebr nj\u00eb qok\u00eb familjare. N\u00eb num\u00ebrimin e votave prania e deputet\u00ebve ishte zero. N\u00eb vend q\u00eb t\u00eb k\u00ebrkonte dor\u00ebheqjen tuaj duhet t\u00eb vinte n\u00eb procesin e num\u00ebrimit drejtuesja politike dhe deputet\u00ebt. Kan\u00eb qen\u00eb vet\u00ebm strukturat e PD Durr\u00ebs.<\/p>\n<p> Duhet t\u2019ju them qe ishim vet\u00ebm. Me p\u00ebrjashtim t\u00eb zotit Hoxha, pjesa tjet\u00ebr nuk kan\u00eb qen\u00eb shum\u00eb af\u00ebr. Duhet t\u00eb ndryshojm\u00eb rr\u00ebnj\u00ebsisht funksionimin n\u00eb baz\u00eb. Duhet struktur\u00eb e vog\u00ebl por efi\u00e7ente\u201d, u shpreh Thupi n\u00eb mbledhje.<\/p>","protected":false},"excerpt":{"rendered":"<p>Drejtuesi i fushat\u00ebs s\u00eb Luan Hotit n\u00eb Durr\u00ebs, Rezart Thupi, ka hedhur akuza t\u00eb forta ndaj n\u00ebnkryetares s\u00eb PD-s\u00eb, Grida Duma, pasi u shpreh n\u00eb mbledhjen e Kolegjit t\u00eb Kryetar\u00ebve se ajo nuk u angazhua fare n\u00eb fushat\u00eb. Sipas tij, Duma shkonte n\u00eb fushat\u00eb 1 her\u00eb n\u00eb 3 dit\u00eb dhe nuyk publikoi kurr\u00eb foto me [&hellip;]<\/p>\n","protected":false},"author":2031,"featured_media":242116,"comment_status":"closed","ping_status":"closed","sticky":false,"template":"","format":"standard","meta":{"footnotes":""},"categories":[231],"tags":[],"class_list":{"0":"post-242115","1":"post","2":"type-post","3":"status-publish","4":"format-standard","5":"has-post-thumbnail","7":"category-lajme"},"_links":{"self":[{"href":"https:\/\/zjarr.tv\/en\/wp-json\/wp\/v2\/posts\/242115","targetHints":{"allow":["GET"]}}],"collection":[{"href":"https:\/\/zjarr.tv\/en\/wp-json\/wp\/v2\/posts"}],"about":[{"href":"https:\/\/zjarr.tv\/en\/wp-json\/wp\/v2\/types\/post"}],"author":[{"embeddable":true,"href":"https:\/\/zjarr.tv\/en\/wp-json\/wp\/v2\/users\/2031"}],"replies":[{"embeddable":true,"href":"https:\/\/zjarr.tv\/en\/wp-json\/wp\/v2\/comments?post=242115"}],"version-history":[{"count":0,"href":"https:\/\/zjarr.tv\/en\/wp-json\/wp\/v2\/posts\/242115\/revisions"}],"wp:featuredmedia":[{"embeddable":true,"href":"https:\/\/zjarr.tv\/en\/wp-json\/wp\/v2\/media\/242116"}],"wp:attachment":[{"href":"https:\/\/zjarr.tv\/en\/wp-json\/wp\/v2\/media?parent=242115"}],"wp:term":[{"taxonomy":"category","embeddable":true,"href":"https:\/\/zjarr.tv\/en\/wp-json\/wp\/v2\/categories?post=242115"},{"taxonomy":"post_tag","embeddable":true,"href":"https:\/\/zjarr.tv\/en\/wp-json\/wp\/v2\/tags?post=242115"}],"curies":[{"name":"wp","href":"https:\/\/api.w.org\/{rel}","templated":true}]}}