{"id":242740,"date":"2022-03-10T18:57:08","date_gmt":"2022-03-10T17:57:08","guid":{"rendered":"https:\/\/zjarr.tv\/?p=242740"},"modified":"2022-03-10T18:57:08","modified_gmt":"2022-03-10T17:57:08","slug":"rritja-e-cmimit-te-naftes-rama-gjen-fajtorin","status":"publish","type":"post","link":"https:\/\/zjarr.tv\/en\/rritja-e-cmimit-te-naftes-rama-gjen-fajtorin\/","title":{"rendered":"Rritja e \u00e7mimit t\u00eb naft\u00ebs\/ Rama gjen \u201cfajtorin\u201d"},"content":{"rendered":"<p>Kryeministri Edi Rama, n\u00eb nj\u00eb lidhje live nga Facebook, ka folur n\u00eb lidhje me \u00e7mimin\u00a0 e energjis\u00eb elektrike dhe faktin q\u00eb qeveria \u00ebsht\u00eb p\u00ebrpjekur t\u00eb mbroj\u00eb konsumatorin familjar. Ai \u00ebsht\u00eb justifikuar n\u00eb lidhje me \u00e7mimin e nat\u00ebs, me faktin q\u00eb nj\u00eb nga prodhuesit m\u00eb t\u00eb m\u00ebdh\u00ebnj t\u00eb naft\u00ebs, Rusia, \u00ebsht\u00eb tashm\u00eb n\u00eb luft\u00eb.<\/p>\n<p>\u201cFakti \u00ebsht\u00eb q\u00eb nj\u00eb mgb ore q\u00eb vjet ishte 52 euro sot ka shkuar 550 euro. Ne do e mbrojm\u00eb me se s\u00eben konusmatorin nga rritja. Un\u00eb paralajm\u00ebrova kriz\u00eb dhe nisi nj\u00eb gjurulldi se ishte sajes\u00eb. Se \u00e7far\u00eb arsye ka t\u00eb sqajoje nj\u00eb kryeminist\u00ebr lajme e kriza q\u00eb shqetsojn\u00eb njerzit, nuk di se ku e gjejn\u00eb k\u00ebt\u00eb arsye k\u00ebto. Fakti e tregoi q\u00eb kjo nuk ishte loj\u00eb dhe kriza u p\u00ebrshkallzua. Kur fola un\u00eb askush nuk e dinte q\u00eb Europa do t\u00eb hynte n\u00eb luft\u00eb. E kemi marr\u00eb zotimin qe\u00eb \u00e7mimi i energjis\u00eb t\u00eb mos rritet, edhe pse lufta e thelloi kriz\u00ebn energjitike dhe \u00e7mimin e gazit e naft\u00ebs. Ne vijojm\u00eb t\u00eb themi q\u00eb do e mbrojm\u00eb k\u00ebt\u00eb \u00e7mim. \u00cbsht\u00eb e r\u00ebnd\u00ebsishme t\u00eb kuptojm\u00eb q\u00eb kjo qeveri \u00ebsht\u00eb e p\u00ebrqendruar q\u00eb t\u00eb lehtesoj\u00eb hallet e njer\u00ebzve t\u00eb k\u00ebtij vendi. Kur thash\u00eb q\u00eb ka nisur kriza dikush tha q\u00eb ishte loj\u00eb imagjinare e b\u00ebn\u00eb edhe protesta. Ja ku jemi sot. N\u00eb nj\u00eb situat\u00eb kur nj\u00eb prej prodhuesve m\u00eb t\u00eb m\u00ebdhenj t\u00eb naft\u00ebs e gazit, Rusia ka hyr\u00eb n\u00eb luft\u00eb dhe \u00e7mimet po k\u00ebrcejn marramendshme\u201d, tha Rama.<\/p>","protected":false},"excerpt":{"rendered":"<p>Kryeministri Edi Rama, n\u00eb nj\u00eb lidhje live nga Facebook, ka folur n\u00eb lidhje me \u00e7mimin\u00a0 e energjis\u00eb elektrike dhe faktin q\u00eb qeveria \u00ebsht\u00eb p\u00ebrpjekur t\u00eb mbroj\u00eb konsumatorin familjar. Ai \u00ebsht\u00eb justifikuar n\u00eb lidhje me \u00e7mimin e nat\u00ebs, me faktin q\u00eb nj\u00eb nga prodhuesit m\u00eb t\u00eb m\u00ebdh\u00ebnj t\u00eb naft\u00ebs, Rusia, \u00ebsht\u00eb tashm\u00eb n\u00eb luft\u00eb. \u201cFakti \u00ebsht\u00eb [&hellip;]<\/p>\n","protected":false},"author":2030,"featured_media":242741,"comment_status":"closed","ping_status":"closed","sticky":false,"template":"","format":"standard","meta":{"footnotes":""},"categories":[241,3366,5380,231,1454],"tags":[],"class_list":{"0":"post-242740","1":"post","2":"type-post","3":"status-publish","4":"format-standard","5":"has-post-thumbnail","7":"category-aktualitet","8":"category-koment","9":"category-kryesore","10":"category-lajme","11":"category-politike"},"_links":{"self":[{"href":"https:\/\/zjarr.tv\/en\/wp-json\/wp\/v2\/posts\/242740","targetHints":{"allow":["GET"]}}],"collection":[{"href":"https:\/\/zjarr.tv\/en\/wp-json\/wp\/v2\/posts"}],"about":[{"href":"https:\/\/zjarr.tv\/en\/wp-json\/wp\/v2\/types\/post"}],"author":[{"embeddable":true,"href":"https:\/\/zjarr.tv\/en\/wp-json\/wp\/v2\/users\/2030"}],"replies":[{"embeddable":true,"href":"https:\/\/zjarr.tv\/en\/wp-json\/wp\/v2\/comments?post=242740"}],"version-history":[{"count":0,"href":"https:\/\/zjarr.tv\/en\/wp-json\/wp\/v2\/posts\/242740\/revisions"}],"wp:featuredmedia":[{"embeddable":true,"href":"https:\/\/zjarr.tv\/en\/wp-json\/wp\/v2\/media\/242741"}],"wp:attachment":[{"href":"https:\/\/zjarr.tv\/en\/wp-json\/wp\/v2\/media?parent=242740"}],"wp:term":[{"taxonomy":"category","embeddable":true,"href":"https:\/\/zjarr.tv\/en\/wp-json\/wp\/v2\/categories?post=242740"},{"taxonomy":"post_tag","embeddable":true,"href":"https:\/\/zjarr.tv\/en\/wp-json\/wp\/v2\/tags?post=242740"}],"curies":[{"name":"wp","href":"https:\/\/api.w.org\/{rel}","templated":true}]}}