{"id":242748,"date":"2022-03-10T19:03:29","date_gmt":"2022-03-10T18:03:29","guid":{"rendered":"https:\/\/zjarr.tv\/?p=242748"},"modified":"2022-03-10T19:03:29","modified_gmt":"2022-03-10T18:03:29","slug":"shqiperia-ne-kembe-per-cmimin-e-naftes-pas-mesazhit-ironik-reagon-serish-djali-i-edi-rames-ja-cfare-shkruan","status":"publish","type":"post","link":"https:\/\/zjarr.tv\/en\/shqiperia-ne-kembe-per-cmimin-e-naftes-pas-mesazhit-ironik-reagon-serish-djali-i-edi-rames-ja-cfare-shkruan\/","title":{"rendered":"Shqip\u00ebria \u201cn\u00eb k\u00ebmb\u00eb\u201d p\u00ebr \u00e7mimin e naft\u00ebs\/ Pas mesazhit ironik, reagon s\u00ebrish djali i Edi Ram\u00ebs, ja \u00e7far\u00eb shkruan"},"content":{"rendered":"<p>Prej dit\u00ebs s\u00eb djeshme qytetar\u00eb t\u00eb shumt\u00eb n\u00eb Tiran\u00eb por edhe n\u00eb rrethe jan\u00eb ngritur n\u00eb protest\u00eb pas rritjes s\u00eb skajshme t\u00eb \u00e7mimit t\u00eb naft\u00ebs dhe produkteve t\u00eb tjera.<\/p>\n<p>M\u00ebngjesin e sot\u00ebm djali i kryeministrit Edi Rama, Gregu, publikoi nj\u00eb postim t\u00eb b\u00ebr\u00eb m\u00eb 10 Mars 2013 prej tij, i cili ting\u00ebllonte ironik p\u00ebr situat\u00ebn aktuale.<\/p>\n<p><img loading=\"lazy\" decoding=\"async\" class=\"alignnone size-medium wp-image-242751\" src=\"https:\/\/zjarr.tv\/wp-content\/uploads\/2022\/03\/Untitled-design-2022-03-10T190318.764-300x251.jpg\" alt=\"\" width=\"300\" height=\"251\" srcset=\"https:\/\/zjarr.tv\/wp-content\/uploads\/2022\/03\/Untitled-design-2022-03-10T190318.764-300x251.jpg 300w, https:\/\/zjarr.tv\/wp-content\/uploads\/2022\/03\/Untitled-design-2022-03-10T190318.764-768x644.jpg 768w, https:\/\/zjarr.tv\/wp-content\/uploads\/2022\/03\/Untitled-design-2022-03-10T190318.764-696x583.jpg 696w, https:\/\/zjarr.tv\/wp-content\/uploads\/2022\/03\/Untitled-design-2022-03-10T190318.764-501x420.jpg 501w, https:\/\/zjarr.tv\/wp-content\/uploads\/2022\/03\/Untitled-design-2022-03-10T190318.764.jpg 940w\" sizes=\"auto, (max-width: 300px) 100vw, 300px\" \/><\/p>\n<p>Nd\u00ebrsa sot n\u00eb or\u00ebn 17:00 ka nisur s\u00ebrish protesta para kryeministris\u00eb, ku qindra qytetar\u00eb mes tyre edhe figura t\u00eb njohura t\u00eb artit, kultur\u00ebs e medias k\u00ebrkoj\u00eb reagim nga kryeministri dhe gjetjen e zgjidhjes, ka reaguar s\u00ebrish Greg Rama.<\/p>\n<p><img loading=\"lazy\" decoding=\"async\" class=\"alignnone size-medium wp-image-242750\" src=\"https:\/\/zjarr.tv\/wp-content\/uploads\/2022\/03\/Untitled-design-2022-03-10T190256.756-300x251.jpg\" alt=\"\" width=\"300\" height=\"251\" srcset=\"https:\/\/zjarr.tv\/wp-content\/uploads\/2022\/03\/Untitled-design-2022-03-10T190256.756-300x251.jpg 300w, https:\/\/zjarr.tv\/wp-content\/uploads\/2022\/03\/Untitled-design-2022-03-10T190256.756-768x644.jpg 768w, https:\/\/zjarr.tv\/wp-content\/uploads\/2022\/03\/Untitled-design-2022-03-10T190256.756-696x583.jpg 696w, https:\/\/zjarr.tv\/wp-content\/uploads\/2022\/03\/Untitled-design-2022-03-10T190256.756-501x420.jpg 501w, https:\/\/zjarr.tv\/wp-content\/uploads\/2022\/03\/Untitled-design-2022-03-10T190256.756.jpg 940w\" sizes=\"auto, (max-width: 300px) 100vw, 300px\" \/><\/p>\n<p>K\u00ebt\u00eb her\u00eb ai ka dashur t\u00eb jap\u00eb nj\u00eb mesazh p\u00ebrmes nj\u00eb shprehjeje t\u00eb Oscar Wilde. \u201cUrrejtja \u00ebsht\u00eb e verb\u00ebr sikurse dhe dashuria\u201d, ishte mesazhi i p\u00ebrcjell\u00eb prej tij.<\/p>","protected":false},"excerpt":{"rendered":"<p>Prej dit\u00ebs s\u00eb djeshme qytetar\u00eb t\u00eb shumt\u00eb n\u00eb Tiran\u00eb por edhe n\u00eb rrethe jan\u00eb ngritur n\u00eb protest\u00eb pas rritjes s\u00eb skajshme t\u00eb \u00e7mimit t\u00eb naft\u00ebs dhe produkteve t\u00eb tjera. M\u00ebngjesin e sot\u00ebm djali i kryeministrit Edi Rama, Gregu, publikoi nj\u00eb postim t\u00eb b\u00ebr\u00eb m\u00eb 10 Mars 2013 prej tij, i cili ting\u00ebllonte ironik p\u00ebr situat\u00ebn [&hellip;]<\/p>\n","protected":false},"author":2030,"featured_media":242749,"comment_status":"closed","ping_status":"closed","sticky":false,"template":"","format":"standard","meta":{"footnotes":""},"categories":[241,3366],"tags":[],"class_list":{"0":"post-242748","1":"post","2":"type-post","3":"status-publish","4":"format-standard","5":"has-post-thumbnail","7":"category-aktualitet","8":"category-koment"},"_links":{"self":[{"href":"https:\/\/zjarr.tv\/en\/wp-json\/wp\/v2\/posts\/242748","targetHints":{"allow":["GET"]}}],"collection":[{"href":"https:\/\/zjarr.tv\/en\/wp-json\/wp\/v2\/posts"}],"about":[{"href":"https:\/\/zjarr.tv\/en\/wp-json\/wp\/v2\/types\/post"}],"author":[{"embeddable":true,"href":"https:\/\/zjarr.tv\/en\/wp-json\/wp\/v2\/users\/2030"}],"replies":[{"embeddable":true,"href":"https:\/\/zjarr.tv\/en\/wp-json\/wp\/v2\/comments?post=242748"}],"version-history":[{"count":0,"href":"https:\/\/zjarr.tv\/en\/wp-json\/wp\/v2\/posts\/242748\/revisions"}],"wp:featuredmedia":[{"embeddable":true,"href":"https:\/\/zjarr.tv\/en\/wp-json\/wp\/v2\/media\/242749"}],"wp:attachment":[{"href":"https:\/\/zjarr.tv\/en\/wp-json\/wp\/v2\/media?parent=242748"}],"wp:term":[{"taxonomy":"category","embeddable":true,"href":"https:\/\/zjarr.tv\/en\/wp-json\/wp\/v2\/categories?post=242748"},{"taxonomy":"post_tag","embeddable":true,"href":"https:\/\/zjarr.tv\/en\/wp-json\/wp\/v2\/tags?post=242748"}],"curies":[{"name":"wp","href":"https:\/\/api.w.org\/{rel}","templated":true}]}}