{"id":242754,"date":"2022-03-11T04:42:01","date_gmt":"2022-03-11T03:42:01","guid":{"rendered":"https:\/\/zjarr.tv\/?p=242754"},"modified":"2022-03-11T04:42:01","modified_gmt":"2022-03-11T03:42:01","slug":"aktivisti-paralajmeron-protesten-e-madhe-te-shtunen-ne-oren-1100-ne-sheshin-skenderbej-do-mblidhen-qytetare-nga-e-gjithe-shqiperia","status":"publish","type":"post","link":"https:\/\/zjarr.tv\/en\/aktivisti-paralajmeron-protesten-e-madhe-te-shtunen-ne-oren-1100-ne-sheshin-skenderbej-do-mblidhen-qytetare-nga-e-gjithe-shqiperia\/","title":{"rendered":"Aktivisti paralajm\u00ebron PROTEST\u00cbN E MADHE: T\u00eb shtun\u00ebn n\u00eb or\u00ebn 11:00, n\u00eb sheshin \u201cSk\u00ebnderbej\u201d do mblidhen qytetar\u00eb nga e gjith\u00eb Shqip\u00ebria"},"content":{"rendered":"<p>Dit\u00ebn e sotme pothuajse n\u00eb t\u00eb gjitha qytetet e Shqip\u00ebris\u00eb jan\u00eb zhvilluar protesta kund\u00ebr rritjes s\u00eb \u00e7mimit t\u00eb naft\u00ebs dhe produkteve t\u00eb tjera, ku m\u00eb t\u00eb m\u00ebdhat\u00eb ishin n\u00eb Tiran\u00eb, Lushnje, Durr\u00ebs dhe Shkod\u00ebr.<\/p>\n<p>Nd\u00ebrkoh\u00eb, nj\u00eb nga organizator\u00ebt e protest\u00ebs s\u00eb tiran\u00ebs, aktivisti Adriatik Lapaj, ka treguar se t\u00eb shtun\u00ebn n\u00eb or\u00ebn 11:00 do t\u00eb zhvillohet protesta e madhe n\u00eb sheshin \u201cSk\u00ebnderbej\u201d, ku qytetar\u00eb nga e gjith\u00eb Shqip\u00ebria do t\u00eb mblidhen aty p\u00ebr t\u2019u drejtuar drejt Kryeministris\u00eb.<\/p>\n<p>\u201cProtestat nuk do t\u00eb ndalen. Dit\u00ebn e shtun\u00eb do mblidhen qytetar\u00ebt n\u00eb sheshin Sk\u00ebnderbej, n\u00eb or\u00ebn 11:00, dhe marshojm\u00eb drejt Kryeministris\u00eb\u201d, tha Lapaj.<\/p>","protected":false},"excerpt":{"rendered":"<p>Dit\u00ebn e sotme pothuajse n\u00eb t\u00eb gjitha qytetet e Shqip\u00ebris\u00eb jan\u00eb zhvilluar protesta kund\u00ebr rritjes s\u00eb \u00e7mimit t\u00eb naft\u00ebs dhe produkteve t\u00eb tjera, ku m\u00eb t\u00eb m\u00ebdhat\u00eb ishin n\u00eb Tiran\u00eb, Lushnje, Durr\u00ebs dhe Shkod\u00ebr. Nd\u00ebrkoh\u00eb, nj\u00eb nga organizator\u00ebt e protest\u00ebs s\u00eb tiran\u00ebs, aktivisti Adriatik Lapaj, ka treguar se t\u00eb shtun\u00ebn n\u00eb or\u00ebn 11:00 do t\u00eb [&hellip;]<\/p>\n","protected":false},"author":2031,"featured_media":198379,"comment_status":"closed","ping_status":"closed","sticky":false,"template":"","format":"standard","meta":{"footnotes":""},"categories":[231],"tags":[],"class_list":{"0":"post-242754","1":"post","2":"type-post","3":"status-publish","4":"format-standard","5":"has-post-thumbnail","7":"category-lajme"},"_links":{"self":[{"href":"https:\/\/zjarr.tv\/en\/wp-json\/wp\/v2\/posts\/242754","targetHints":{"allow":["GET"]}}],"collection":[{"href":"https:\/\/zjarr.tv\/en\/wp-json\/wp\/v2\/posts"}],"about":[{"href":"https:\/\/zjarr.tv\/en\/wp-json\/wp\/v2\/types\/post"}],"author":[{"embeddable":true,"href":"https:\/\/zjarr.tv\/en\/wp-json\/wp\/v2\/users\/2031"}],"replies":[{"embeddable":true,"href":"https:\/\/zjarr.tv\/en\/wp-json\/wp\/v2\/comments?post=242754"}],"version-history":[{"count":0,"href":"https:\/\/zjarr.tv\/en\/wp-json\/wp\/v2\/posts\/242754\/revisions"}],"wp:featuredmedia":[{"embeddable":true,"href":"https:\/\/zjarr.tv\/en\/wp-json\/wp\/v2\/media\/198379"}],"wp:attachment":[{"href":"https:\/\/zjarr.tv\/en\/wp-json\/wp\/v2\/media?parent=242754"}],"wp:term":[{"taxonomy":"category","embeddable":true,"href":"https:\/\/zjarr.tv\/en\/wp-json\/wp\/v2\/categories?post=242754"},{"taxonomy":"post_tag","embeddable":true,"href":"https:\/\/zjarr.tv\/en\/wp-json\/wp\/v2\/tags?post=242754"}],"curies":[{"name":"wp","href":"https:\/\/api.w.org\/{rel}","templated":true}]}}