{"id":242760,"date":"2022-03-11T04:50:13","date_gmt":"2022-03-11T03:50:13","guid":{"rendered":"https:\/\/zjarr.tv\/?p=242760"},"modified":"2022-03-11T04:50:13","modified_gmt":"2022-03-11T03:50:13","slug":"percarja-ne-pd-ne-e-bashes-komisioni-i-rithemelimit-merr-vendimin-e-rendesishem-shtyhet-data-per-mbledhjen-e-kuvendit-kombetar-te-partise-demokratike","status":"publish","type":"post","link":"https:\/\/zjarr.tv\/en\/percarja-ne-pd-ne-e-bashes-komisioni-i-rithemelimit-merr-vendimin-e-rendesishem-shtyhet-data-per-mbledhjen-e-kuvendit-kombetar-te-partise-demokratike\/","title":{"rendered":"P\u00ebr\u00e7arja n\u00eb PD-n\u00eb e Bash\u00ebs, Komisioni i Rithemelimit merr vendimin e r\u00ebnd\u00ebsish\u00ebm: Shtyhet data p\u00ebr mbledhjen e Kuvendit Komb\u00ebtar t\u00eb Partis\u00eb Demokratike"},"content":{"rendered":"<p>Komisioni i Rithemelimit t\u00eb Partis\u00eb Demokratike ka zhvilluar dit\u00ebn e sotme mbledhjen e radh\u00ebs, ku analizoi zhvillimet politike dhe zgjedhjet e pjesshme lokale, n\u00eb t\u00eb cilat doli forc\u00eb e dyt\u00eb duke arritur t\u00eb fitoj\u00eb Bashkin\u00eb e Shkodr\u00ebs.<\/p>\n<p>Z\u00ebdh\u00ebn\u00ebsja e k\u00ebtij Komisioni, Floriana Garo, ka njoftuar se n\u00eb mbledhjen e sotme Komisioni i Rithemelimit vendosi q\u00eb t\u00eb shtyj\u00eb mbajtjen e Kuvendit Komb\u00ebtar t\u00eb PD-s\u00eb n\u00eb 30 prill.<\/p>\n<p>Ky vendim vjen pas p\u00ebrplasjes s\u00eb deputet\u00ebve demokrat\u00eb me Lulzim Bahs\u00ebn, t\u00eb cil\u00ebt i kan\u00eb k\u00ebrkuar k\u00ebtij t\u00eb fundit t\u00eb jap\u00eb dor\u00ebheqjen.<\/p>\n<p>Ndoshta Komisioni i Rithemelimit po pret q\u00eb Basha t\u00eb \u201cdor\u00ebzohet\u201d dhe t\u00eb jap\u00eb dor\u00ebheqjen, n\u00eb m\u00ebnyr\u00eb q\u00eb n\u00eb Kuvendin e 30 Prillit t\u00eb marrin pjes\u00eb t\u00eb gjith\u00eb deputet\u00ebt demokrat\u00eb dhe t\u00eb zgjidhet kryetri i ri i partis\u00eb.<\/p>\n<p>Postimi i Floriana Garos:<\/p>\n<p>Komisioni i Rithemelimit t\u00eb PD n\u00eb mbledhjen e dat\u00ebs 10 mars, pasi analizoi zhvillimet politike si dhe zgjedhjet e pjesshme lokale t\u00eb zhvilluara n\u00eb 6 bashkit\u00eb e vendit, falenderon kandidat\u00ebt e Shtepis\u00eb s\u00eb Liris\u00eb dhe t\u00eb gjith\u00eb zgjedh\u00ebsit e 6 bashkive p\u00ebr gar\u00ebn e dinjitoze dhe performanc\u00ebn e mir\u00eb n\u00eb k\u00ebto zgjedhje lokale.<\/p>\n<p>N\u00eb k\u00ebt\u00eb mbledhje, Komisioni i Rithemelimit gjithashtu vendosi:<\/p>\n<p>T\u00eb zhvilloj\u00eb me prioritet analiz\u00ebn e rezultateve zgjedhore n\u00eb 6 bashkit\u00eb ku u zhvilluan zgjedhjet lokale,<\/p>\n<p>Te nis\u00eb procesin statutor te riorganizimit t\u00eb strukturave t\u00eb deg\u00ebve n\u00eb k\u00ebto bashki, proces i frenuar p\u00ebr shkak te k\u00ebtyre zgjedhjeve,<\/p>\n<p>T\u00eb vazhdoj\u00eb dhe t\u00eb permbyll\u00eb procesin statutor n\u00eb deg\u00ebt tjera konform udh\u00ebzimeve.<\/p>\n<p>P\u00ebr arsyet e sip\u00ebrp\u00ebrmendura, n\u00eb m\u00ebnyr\u00eb q\u00eb gjith\u00eb ky proces te p\u00ebrfundoj\u00eb me sukses, Komisioni i Rithemelimit t\u00eb PD vendosi q\u00eb t\u00eb shtyj\u00eb mbajtjen e Kuvendit  Komb\u00ebtar n\u00eb dat\u00ebn 30 prill.<\/p>","protected":false},"excerpt":{"rendered":"<p>Komisioni i Rithemelimit t\u00eb Partis\u00eb Demokratike ka zhvilluar dit\u00ebn e sotme mbledhjen e radh\u00ebs, ku analizoi zhvillimet politike dhe zgjedhjet e pjesshme lokale, n\u00eb t\u00eb cilat doli forc\u00eb e dyt\u00eb duke arritur t\u00eb fitoj\u00eb Bashkin\u00eb e Shkodr\u00ebs. Z\u00ebdh\u00ebn\u00ebsja e k\u00ebtij Komisioni, Floriana Garo, ka njoftuar se n\u00eb mbledhjen e sotme Komisioni i Rithemelimit vendosi q\u00eb [&hellip;]<\/p>\n","protected":false},"author":2031,"featured_media":242761,"comment_status":"closed","ping_status":"closed","sticky":false,"template":"","format":"standard","meta":{"footnotes":""},"categories":[231],"tags":[],"class_list":{"0":"post-242760","1":"post","2":"type-post","3":"status-publish","4":"format-standard","5":"has-post-thumbnail","7":"category-lajme"},"_links":{"self":[{"href":"https:\/\/zjarr.tv\/en\/wp-json\/wp\/v2\/posts\/242760","targetHints":{"allow":["GET"]}}],"collection":[{"href":"https:\/\/zjarr.tv\/en\/wp-json\/wp\/v2\/posts"}],"about":[{"href":"https:\/\/zjarr.tv\/en\/wp-json\/wp\/v2\/types\/post"}],"author":[{"embeddable":true,"href":"https:\/\/zjarr.tv\/en\/wp-json\/wp\/v2\/users\/2031"}],"replies":[{"embeddable":true,"href":"https:\/\/zjarr.tv\/en\/wp-json\/wp\/v2\/comments?post=242760"}],"version-history":[{"count":0,"href":"https:\/\/zjarr.tv\/en\/wp-json\/wp\/v2\/posts\/242760\/revisions"}],"wp:featuredmedia":[{"embeddable":true,"href":"https:\/\/zjarr.tv\/en\/wp-json\/wp\/v2\/media\/242761"}],"wp:attachment":[{"href":"https:\/\/zjarr.tv\/en\/wp-json\/wp\/v2\/media?parent=242760"}],"wp:term":[{"taxonomy":"category","embeddable":true,"href":"https:\/\/zjarr.tv\/en\/wp-json\/wp\/v2\/categories?post=242760"},{"taxonomy":"post_tag","embeddable":true,"href":"https:\/\/zjarr.tv\/en\/wp-json\/wp\/v2\/tags?post=242760"}],"curies":[{"name":"wp","href":"https:\/\/api.w.org\/{rel}","templated":true}]}}