{"id":242773,"date":"2022-03-11T05:00:43","date_gmt":"2022-03-11T04:00:43","guid":{"rendered":"https:\/\/zjarr.tv\/?p=242773"},"modified":"2022-03-11T05:00:43","modified_gmt":"2022-03-11T04:00:43","slug":"kryemadhi-flet-nga-londra-te-merremi-me-bashen-eshte-humbje-kohe-te-unifikohet-pd-dhe-rrezojme-ramen","status":"publish","type":"post","link":"https:\/\/zjarr.tv\/en\/kryemadhi-flet-nga-londra-te-merremi-me-bashen-eshte-humbje-kohe-te-unifikohet-pd-dhe-rrezojme-ramen\/","title":{"rendered":"Kryemadhi flet nga Londra: T\u00eb merremi me Bash\u00ebn \u00ebsht\u00eb humbje kohe, t\u00eb unifikohet PD dhe rr\u00ebzojm\u00eb Ram\u00ebn"},"content":{"rendered":"<p>Kryetarja e LSI-s\u00eb, Monika Kryemadhi b\u00ebn thirrje p\u00ebr unifikimin e Partis\u00eb Demokratike dhe thot\u00eb se ka ardhur koha q\u00eb opozita t\u00eb rr\u00ebzoj\u00eb qeverin\u00eb e kryeministrit Edi Rama.<\/p>\n<p>Komentet p\u00ebr situat\u00ebn politike n\u00eb vend, Kryemadhi i b\u00ebri gjat\u00eb nj\u00eb lidhje \u201clive\u201d nga Londra, ku raportohet se mori pjes\u00eb n\u00eb nj\u00eb seanc\u00eb t\u00eb parlamentit anglez.<br \/>\nAjo iu p\u00ebrgjigj Bash\u00ebs edhe p\u00ebr deklarat\u00ebn e tij se 6 marsi ishte kurth.<\/p>\n<p>\u201cSuporti pa kushte i Lulzim Bash\u00ebs n\u00eb 25 prill na solli n\u00eb k\u00ebt\u00eb situat\u00eb ku ndodhemi sot. Nuk ia vlen t\u00eb merremi me at\u00eb. 6 marsi kurth i Ilir Met\u00ebs? Nuk \u00ebsht\u00eb e v\u00ebrtet\u00eb. Zoti Meta zbatoi vendimin e Gjykat\u00ebs Kushtetuese. Un\u00eb kam b\u00ebr\u00eb tre takime n\u00eb k\u00ebt\u00eb fushat\u00eb. Zotit Basha i duken gjith\u00ebmon\u00eb gj\u00ebrat kurth. Uroj t\u00eb mos i duket kurth edhe Gaz Bardhi. A e shikoni \u00e7far\u00eb po ndodh sot n\u00eb rrug\u00ebt e Tiran\u00ebs dhe Shqip\u00ebris\u00eb? Ky \u00ebsht\u00eb oksigjeni i 6 marsit.<\/p>\n<p>N\u00eb Sllov\u00eb kandidati i PS k\u00ebrkonte q\u00eb votat t\u2019a jepnin kandidatit t\u00eb zotit Basha. Roli i LSI ka qen\u00eb vet\u00ebm v\u00ebzhgues n\u00eb zgjedhjet e 6 marsit. T\u00eb merremi me zotin Basha \u00ebsht\u00eb humbje kohe, do t\u00eb ishte mir\u00eb q\u00eb PD t\u00eb shkonte drejt unifikimit t\u00eb saj, sepse nj\u00eb PD e unifikuar \u00ebsht\u00eb rr\u00ebzim i menj\u00ebhersh\u00ebm i Edi Ram\u00ebs. Pavar\u00ebrisht \u00e7far\u00eb ndjesish personale politike kemi ne p\u00ebr zotin Basha, apo p\u00ebr k\u00ebdo tjet\u00ebr, por unifikimi i PD sot dhe fitorja e Shkodr\u00ebs p\u00ebr shkak edhe t\u00eb pun\u00ebs s\u00eb zonj\u00ebs Voltana Ademi, t\u00eb cil\u00ebn e p\u00ebrg\u00ebzoj, kan\u00eb qen\u00eb disa efekte q\u00eb kan\u00eb ndezur pak shpres\u00eb, pak drit\u00eb jeshile\u201d, u shpreh Kryemadhi.<\/p>","protected":false},"excerpt":{"rendered":"<p>Kryetarja e LSI-s\u00eb, Monika Kryemadhi b\u00ebn thirrje p\u00ebr unifikimin e Partis\u00eb Demokratike dhe thot\u00eb se ka ardhur koha q\u00eb opozita t\u00eb rr\u00ebzoj\u00eb qeverin\u00eb e kryeministrit Edi Rama. Komentet p\u00ebr situat\u00ebn politike n\u00eb vend, Kryemadhi i b\u00ebri gjat\u00eb nj\u00eb lidhje \u201clive\u201d nga Londra, ku raportohet se mori pjes\u00eb n\u00eb nj\u00eb seanc\u00eb t\u00eb parlamentit anglez. Ajo iu [&hellip;]<\/p>\n","protected":false},"author":2031,"featured_media":160298,"comment_status":"closed","ping_status":"closed","sticky":false,"template":"","format":"standard","meta":{"footnotes":""},"categories":[231],"tags":[],"class_list":{"0":"post-242773","1":"post","2":"type-post","3":"status-publish","4":"format-standard","5":"has-post-thumbnail","7":"category-lajme"},"_links":{"self":[{"href":"https:\/\/zjarr.tv\/en\/wp-json\/wp\/v2\/posts\/242773","targetHints":{"allow":["GET"]}}],"collection":[{"href":"https:\/\/zjarr.tv\/en\/wp-json\/wp\/v2\/posts"}],"about":[{"href":"https:\/\/zjarr.tv\/en\/wp-json\/wp\/v2\/types\/post"}],"author":[{"embeddable":true,"href":"https:\/\/zjarr.tv\/en\/wp-json\/wp\/v2\/users\/2031"}],"replies":[{"embeddable":true,"href":"https:\/\/zjarr.tv\/en\/wp-json\/wp\/v2\/comments?post=242773"}],"version-history":[{"count":0,"href":"https:\/\/zjarr.tv\/en\/wp-json\/wp\/v2\/posts\/242773\/revisions"}],"wp:featuredmedia":[{"embeddable":true,"href":"https:\/\/zjarr.tv\/en\/wp-json\/wp\/v2\/media\/160298"}],"wp:attachment":[{"href":"https:\/\/zjarr.tv\/en\/wp-json\/wp\/v2\/media?parent=242773"}],"wp:term":[{"taxonomy":"category","embeddable":true,"href":"https:\/\/zjarr.tv\/en\/wp-json\/wp\/v2\/categories?post=242773"},{"taxonomy":"post_tag","embeddable":true,"href":"https:\/\/zjarr.tv\/en\/wp-json\/wp\/v2\/tags?post=242773"}],"curies":[{"name":"wp","href":"https:\/\/api.w.org\/{rel}","templated":true}]}}