{"id":242959,"date":"2022-03-11T18:18:05","date_gmt":"2022-03-11T17:18:05","guid":{"rendered":"https:\/\/zjarr.tv\/?p=242959"},"modified":"2022-03-11T18:18:05","modified_gmt":"2022-03-11T17:18:05","slug":"florian-binaj-nga-protesta-para-kryeministrise-mesazh-rames-kur-shikon-gjithe-keta-njerez-ne-shesh-nga-cila-ane-do-flesh","status":"publish","type":"post","link":"https:\/\/zjarr.tv\/en\/florian-binaj-nga-protesta-para-kryeministrise-mesazh-rames-kur-shikon-gjithe-keta-njerez-ne-shesh-nga-cila-ane-do-flesh\/","title":{"rendered":"Florian Binaj nga protesta para Kryeministris\u00eb mesazh Ram\u00ebs: Kur shikon gjith\u00eb k\u00ebta njer\u00ebz n\u00eb shesh, nga cila an\u00eb do flesh?!"},"content":{"rendered":"<p>Aktori i humorit Florian Binaj p\u00ebr t\u00eb tret\u00ebn dit\u00eb m\u00eb radh\u00eb ka qen\u00eb pjes\u00eb e protest\u00ebs para kryeministris\u00eb kund\u00ebr rritjes s\u00eb \u00e7mimeve.<\/p>\n<p>N\u00eb fjal\u00ebn e tij para qytetar\u00ebve, aktori tha se qeveria ka nxjerr\u00eb n\u00eb fush\u00eb beteja patronazhist\u00ebt p\u00ebr t\u00eb penguar protestat.<\/p>\n<p>\u201cNga suksesi i protest\u00ebs fatkeq\u00ebsisht qeveria n\u00eb vend t\u00eb heq\u00eb taksat, ka nxjerr\u00eb n\u00eb fushe betej\u00eb patronazhist\u00ebt, sufllaqexhinjt\u00eb dhe spiunet duke hedhur vrer mbi k\u00ebt\u00eb protest\u00eb, a thua se t\u00eb gjith\u00eb ju q\u00eb keni ardhur k\u00ebtu do b\u00ebheni Kryeminist\u00ebr apo President.<\/p>\n<p>T\u00eb gjith\u00eb ne k\u00ebtu dhe ata q\u00eb do vijn\u00eb nes\u00ebr kemi ardhur p\u00ebr dinjitetin njer\u00ebzor, q\u00eb ata t\u00eb varfrit t\u00eb ken\u00eb mund\u00ebsi t\u00eb han\u00eb buk\u00eb dhe ata q\u00eb b\u00ebjn\u00eb patronazhit\u00ebt t\u00eb mos han\u00eb m\u00eb m*t.<\/p>\n<p>Edhe nj\u00eb gj\u00eb i them qeveris\u00eb: \u201cKur shikon gjith\u00eb k\u00ebta njer\u00ebz n\u00eb shesh, nga cila an\u00eb do flesh\u201d, tha Binaj.<\/p>","protected":false},"excerpt":{"rendered":"<p>Aktori i humorit Florian Binaj p\u00ebr t\u00eb tret\u00ebn dit\u00eb m\u00eb radh\u00eb ka qen\u00eb pjes\u00eb e protest\u00ebs para kryeministris\u00eb kund\u00ebr rritjes s\u00eb \u00e7mimeve. N\u00eb fjal\u00ebn e tij para qytetar\u00ebve, aktori tha se qeveria ka nxjerr\u00eb n\u00eb fush\u00eb beteja patronazhist\u00ebt p\u00ebr t\u00eb penguar protestat. \u201cNga suksesi i protest\u00ebs fatkeq\u00ebsisht qeveria n\u00eb vend t\u00eb heq\u00eb taksat, ka nxjerr\u00eb [&hellip;]<\/p>\n","protected":false},"author":2030,"featured_media":242960,"comment_status":"closed","ping_status":"closed","sticky":false,"template":"","format":"standard","meta":{"footnotes":""},"categories":[241,3366],"tags":[],"class_list":{"0":"post-242959","1":"post","2":"type-post","3":"status-publish","4":"format-standard","5":"has-post-thumbnail","7":"category-aktualitet","8":"category-koment"},"_links":{"self":[{"href":"https:\/\/zjarr.tv\/en\/wp-json\/wp\/v2\/posts\/242959","targetHints":{"allow":["GET"]}}],"collection":[{"href":"https:\/\/zjarr.tv\/en\/wp-json\/wp\/v2\/posts"}],"about":[{"href":"https:\/\/zjarr.tv\/en\/wp-json\/wp\/v2\/types\/post"}],"author":[{"embeddable":true,"href":"https:\/\/zjarr.tv\/en\/wp-json\/wp\/v2\/users\/2030"}],"replies":[{"embeddable":true,"href":"https:\/\/zjarr.tv\/en\/wp-json\/wp\/v2\/comments?post=242959"}],"version-history":[{"count":0,"href":"https:\/\/zjarr.tv\/en\/wp-json\/wp\/v2\/posts\/242959\/revisions"}],"wp:featuredmedia":[{"embeddable":true,"href":"https:\/\/zjarr.tv\/en\/wp-json\/wp\/v2\/media\/242960"}],"wp:attachment":[{"href":"https:\/\/zjarr.tv\/en\/wp-json\/wp\/v2\/media?parent=242959"}],"wp:term":[{"taxonomy":"category","embeddable":true,"href":"https:\/\/zjarr.tv\/en\/wp-json\/wp\/v2\/categories?post=242959"},{"taxonomy":"post_tag","embeddable":true,"href":"https:\/\/zjarr.tv\/en\/wp-json\/wp\/v2\/tags?post=242959"}],"curies":[{"name":"wp","href":"https:\/\/api.w.org\/{rel}","templated":true}]}}