{"id":243264,"date":"2022-03-12T18:52:44","date_gmt":"2022-03-12T17:52:44","guid":{"rendered":"https:\/\/zjarr.tv\/?p=243264"},"modified":"2022-03-12T18:52:44","modified_gmt":"2022-03-12T17:52:44","slug":"edhe-sikur-45-mije-te-mblidhen-nuk-leviz-rama-i-vendosur-per-taksen-e-naftes","status":"publish","type":"post","link":"https:\/\/zjarr.tv\/en\/edhe-sikur-45-mije-te-mblidhen-nuk-leviz-rama-i-vendosur-per-taksen-e-naftes\/","title":{"rendered":"\u201cEdhe sikur 45 mij\u00eb t\u00eb mblidhen nuk l\u00ebviz\u201d\/ Rama i vendosur p\u00ebr taks\u00ebn e naft\u00ebs"},"content":{"rendered":"<p>Kryeministri Edi Rama shprehet i vendosur se taksa e naft\u00ebs nuk l\u00ebviz edhe sikur n\u00eb shesh t\u00eb dalin 45 mij\u00eb veta.<\/p>\n<p>N\u00eb nj\u00eb intervist\u00eb p\u00ebr emisionin \u2018Kjo Jav\u00eb\u2019 Rama tha se qeveria \u00ebsht\u00eb b\u00ebr\u00eb mburoj\u00eb p\u00ebr familjet shqiptare dhe biznesin e vog\u00ebl.<\/p>\n<p>\u201cKriza energjitike dhe rritja e \u00e7mimeve nuk filloi me luftn, por si rezultat i nj\u00eb inflacioni pas pandemis\u00eb. Nuk mundet shteti t\u00eb caktoj\u00eb \u00e7mimet dhe qeveria as i ul dhe as i ngre. Energjia \u00ebsht\u00eb nj\u00eb mall q\u00eb sot p\u00ebr sot ne mund t\u00eb nd\u00ebrhyjm dhe e mbajm\u00eb me buxhet. Ky konsumator e ka fatur\u00ebn 42 lek\u00eb, \u00e7mimi real me dit\u00ebt e fundit \u00ebsht\u00eb 297 mij\u00eb lek\u00eb, 7 her\u00eb m\u00eb shum\u00eb.<\/p>\n<p>Nd\u00ebrkoh\u00eb n\u00eb fatur\u00eb nuk t\u00eb vjen ky pasi qeveria paguan pjes\u00ebn shtes\u00eb. 95 mij\u00eb bizneseve t\u00eb vogla u kemi th\u00ebn\u00eb nuk duam taksa, TVSH. Po nga do i marrim ne ato q\u00eb na nevojiten se borxh nuk do t\u00eb marrim. Un\u00eb u kam k\u00ebrkuar falje atyre n\u00eb Kuk\u00ebs p\u00ebr tarif\u00ebn pasi nuk ishte vendim i diskutuar mir\u00eb nga qeveria. Ata kishin t\u00eb drejt\u00eb atje. Student\u00ebve u kemi d\u00ebgjuar fjal\u00ebn. K\u00ebtu nuk kemi \u00e7far\u00eb diskutojm\u00eb edhe sikur 45 mij\u00eb t\u00eb mblidhen nuk l\u00ebviz taksa e naft\u00ebs.\u201d<\/p>","protected":false},"excerpt":{"rendered":"<p>Kryeministri Edi Rama shprehet i vendosur se taksa e naft\u00ebs nuk l\u00ebviz edhe sikur n\u00eb shesh t\u00eb dalin 45 mij\u00eb veta. N\u00eb nj\u00eb intervist\u00eb p\u00ebr emisionin \u2018Kjo Jav\u00eb\u2019 Rama tha se qeveria \u00ebsht\u00eb b\u00ebr\u00eb mburoj\u00eb p\u00ebr familjet shqiptare dhe biznesin e vog\u00ebl. \u201cKriza energjitike dhe rritja e \u00e7mimeve nuk filloi me luftn, por si rezultat [&hellip;]<\/p>\n","protected":false},"author":2030,"featured_media":243265,"comment_status":"closed","ping_status":"closed","sticky":false,"template":"","format":"standard","meta":{"footnotes":""},"categories":[241,3366,231,1454],"tags":[],"class_list":{"0":"post-243264","1":"post","2":"type-post","3":"status-publish","4":"format-standard","5":"has-post-thumbnail","7":"category-aktualitet","8":"category-koment","9":"category-lajme","10":"category-politike"},"_links":{"self":[{"href":"https:\/\/zjarr.tv\/en\/wp-json\/wp\/v2\/posts\/243264","targetHints":{"allow":["GET"]}}],"collection":[{"href":"https:\/\/zjarr.tv\/en\/wp-json\/wp\/v2\/posts"}],"about":[{"href":"https:\/\/zjarr.tv\/en\/wp-json\/wp\/v2\/types\/post"}],"author":[{"embeddable":true,"href":"https:\/\/zjarr.tv\/en\/wp-json\/wp\/v2\/users\/2030"}],"replies":[{"embeddable":true,"href":"https:\/\/zjarr.tv\/en\/wp-json\/wp\/v2\/comments?post=243264"}],"version-history":[{"count":0,"href":"https:\/\/zjarr.tv\/en\/wp-json\/wp\/v2\/posts\/243264\/revisions"}],"wp:featuredmedia":[{"embeddable":true,"href":"https:\/\/zjarr.tv\/en\/wp-json\/wp\/v2\/media\/243265"}],"wp:attachment":[{"href":"https:\/\/zjarr.tv\/en\/wp-json\/wp\/v2\/media?parent=243264"}],"wp:term":[{"taxonomy":"category","embeddable":true,"href":"https:\/\/zjarr.tv\/en\/wp-json\/wp\/v2\/categories?post=243264"},{"taxonomy":"post_tag","embeddable":true,"href":"https:\/\/zjarr.tv\/en\/wp-json\/wp\/v2\/tags?post=243264"}],"curies":[{"name":"wp","href":"https:\/\/api.w.org\/{rel}","templated":true}]}}