{"id":243290,"date":"2022-03-12T21:38:16","date_gmt":"2022-03-12T20:38:16","guid":{"rendered":"https:\/\/zjarr.tv\/?p=243290"},"modified":"2022-03-12T21:38:16","modified_gmt":"2022-03-12T20:38:16","slug":"balliu-rama-e-urdheroi-mos-largohet-dhe-basha-thjesht-po-zbaton-urdhrin-metodat-majtiste-nuk-kane-vend-ne-pd","status":"publish","type":"post","link":"https:\/\/zjarr.tv\/en\/balliu-rama-e-urdheroi-mos-largohet-dhe-basha-thjesht-po-zbaton-urdhrin-metodat-majtiste-nuk-kane-vend-ne-pd\/","title":{"rendered":"Balliu: Rama e urdh\u00ebroi mos largohet dhe Basha thjesht po zbaton urdhrin. Metodat majtiste nuk kan\u00eb vend n\u00eb PD"},"content":{"rendered":"<p>Propozimi i hedhur n\u00eb grupin parlamentar t\u00eb PD p\u00ebr m\u00ebnjanimin nga partia t\u00eb Bash\u00ebs dhe Berish\u00ebs nuk \u00ebsht\u00eb mir\u00ebpritur Grupi i Rithemelimit t\u00eb PD.<\/p>\n<p>Ish-deputeti Klevis Balliu thot\u00eb se bashkimi i demokrat\u00ebve vjen vet\u00ebm me nj\u00eb m\u00ebnyr\u00eb dhe ajo \u00ebsht\u00eb vota.<\/p>\n<p>M\u00eb tej, Balliu shkruan se kryeministri Rama i ka dh\u00ebn\u00eb urdh\u00ebr Bash\u00ebs q\u00eb mos largohet nga posti i kryetarit dhe ai thjesht \u00ebsht\u00eb duke zbatuar k\u00ebt\u00eb urdh\u00ebr.<\/p>\n<p>\u201cBashkimi i demokrat\u00ebve vjen vet\u00ebm n\u00eb nj\u00eb m\u00ebnyr\u00eb dhe ajo \u00ebsht\u00eb vota. <\/p>\n<p>Nuk mund t\u00eb caktohen garuesit pasi ashtu p\u00ebrcaktohet fituesi. <\/p>\n<p>Metodat majtiste nuk kan\u00eb vend n\u00eb Partin\u00eb Demokratike.<\/p>\n<p>Bashkimi nuk mund t\u00eb vij\u00eb duke larguar demokrat\u00ebt por vet\u00ebm duke i afruar ata. <\/p>\n<p>Edi Rama ka urdh\u00ebruar kunatin e Erion Isufit t\u00eb mos largohet dhe ai thjesht po zbaton urdhrat e shefit t\u00eb tij. <\/p>\n<p>Tashm\u00eb \u00ebsht\u00eb koha t\u00eb zbatohen vendimet e Kuvendit t\u00eb Partis\u00eb Demokratike t\u00eb mbajtur me 11 Dhjetor q\u00eb rikthen vot\u00ebn si alternativ\u00eb p\u00ebr bashkimin dhe fuqizimin e opozitarizmit n\u00eb Shqip\u00ebri\u201d, shkruan Balliu n\u00eb Facebook.<\/p>","protected":false},"excerpt":{"rendered":"<p>Propozimi i hedhur n\u00eb grupin parlamentar t\u00eb PD p\u00ebr m\u00ebnjanimin nga partia t\u00eb Bash\u00ebs dhe Berish\u00ebs nuk \u00ebsht\u00eb mir\u00ebpritur Grupi i Rithemelimit t\u00eb PD. Ish-deputeti Klevis Balliu thot\u00eb se bashkimi i demokrat\u00ebve vjen vet\u00ebm me nj\u00eb m\u00ebnyr\u00eb dhe ajo \u00ebsht\u00eb vota. M\u00eb tej, Balliu shkruan se kryeministri Rama i ka dh\u00ebn\u00eb urdh\u00ebr Bash\u00ebs q\u00eb mos [&hellip;]<\/p>\n","protected":false},"author":2031,"featured_media":205624,"comment_status":"closed","ping_status":"closed","sticky":false,"template":"","format":"standard","meta":{"footnotes":""},"categories":[231],"tags":[],"class_list":{"0":"post-243290","1":"post","2":"type-post","3":"status-publish","4":"format-standard","5":"has-post-thumbnail","7":"category-lajme"},"_links":{"self":[{"href":"https:\/\/zjarr.tv\/en\/wp-json\/wp\/v2\/posts\/243290","targetHints":{"allow":["GET"]}}],"collection":[{"href":"https:\/\/zjarr.tv\/en\/wp-json\/wp\/v2\/posts"}],"about":[{"href":"https:\/\/zjarr.tv\/en\/wp-json\/wp\/v2\/types\/post"}],"author":[{"embeddable":true,"href":"https:\/\/zjarr.tv\/en\/wp-json\/wp\/v2\/users\/2031"}],"replies":[{"embeddable":true,"href":"https:\/\/zjarr.tv\/en\/wp-json\/wp\/v2\/comments?post=243290"}],"version-history":[{"count":0,"href":"https:\/\/zjarr.tv\/en\/wp-json\/wp\/v2\/posts\/243290\/revisions"}],"wp:featuredmedia":[{"embeddable":true,"href":"https:\/\/zjarr.tv\/en\/wp-json\/wp\/v2\/media\/205624"}],"wp:attachment":[{"href":"https:\/\/zjarr.tv\/en\/wp-json\/wp\/v2\/media?parent=243290"}],"wp:term":[{"taxonomy":"category","embeddable":true,"href":"https:\/\/zjarr.tv\/en\/wp-json\/wp\/v2\/categories?post=243290"},{"taxonomy":"post_tag","embeddable":true,"href":"https:\/\/zjarr.tv\/en\/wp-json\/wp\/v2\/tags?post=243290"}],"curies":[{"name":"wp","href":"https:\/\/api.w.org\/{rel}","templated":true}]}}