{"id":243307,"date":"2022-03-13T06:55:14","date_gmt":"2022-03-13T05:55:14","guid":{"rendered":"https:\/\/zjarr.tv\/?p=243307"},"modified":"2022-03-13T06:55:14","modified_gmt":"2022-03-13T05:55:14","slug":"protesta-si-u-shnderrua-rama-ne-magjistarin-e-kontrollit-te-tregut","status":"publish","type":"post","link":"https:\/\/zjarr.tv\/en\/protesta-si-u-shnderrua-rama-ne-magjistarin-e-kontrollit-te-tregut\/","title":{"rendered":"Protesta\/ Si u shnd\u00ebrrua Rama n\u00eb magjistarin e kontrollit t\u00eb tregut"},"content":{"rendered":"<p>Mjaftuan vet\u00ebm pak dit\u00eb protesta p\u00ebr t\u00eb v\u00ebrtetuar nj\u00eb gj\u00eb q\u00eb jo t\u00eb gjith\u00eb arrijn\u00eb ta kuptojn\u00eb, at\u00eb se regjimit t\u00eb Ram\u00ebs gj\u00ebrat i merren vet\u00ebm me forc\u00eb. Se ai l\u00ebshon vet\u00ebm kur ndjen frik\u00eb.<\/p>\n<p>Kjo ndodhi edhe me uljen e beft\u00eb t\u00eb \u00e7mimit t\u00eb karburantit q\u00eb rezultoi se nuk u vendosk\u00ebrka as nga oligark\u00ebt m\u00ebkatar\u00eb, as nga tregu i lir\u00eb, por nga njeriu q\u00eb kontrollon gjith\u00e7ka.<\/p>\n<p>Kur nafta vajti n\u00eb pikat fundore 290 lek\u00eb p\u00ebr lit\u00ebr shum\u00eb z\u00ebra k\u00ebrkuan nd\u00ebrhyrjen e shtetit p\u00ebr ta rregulluar k\u00ebt\u00eb anomali. Ata e b\u00ebnin k\u00ebt\u00eb nisur dhe nga fakti se \u00e7mimi i naft\u00ebs n\u00eb tregun nd\u00ebrkomb\u00ebtar \u00ebsht\u00eb af\u00ebrsisht 100 lek\u00eb p\u00ebr lit\u00ebr, nd\u00ebrsa taksat mbi karburantet jan\u00eb rreth 105 lek\u00eb p\u00ebr lit\u00ebr.<\/p>\n<p>Por n\u00eb fillim t\u00eb jav\u00ebs kryeministri u tall me protestuesit duke deklaruar se qeveria nuk ka \u00e7t\u00eb b\u00ebj\u00eb p\u00ebr rritjen e \u00e7mimit t\u00eb naft\u00ebs pasi vendi jeton n\u00eb nj\u00eb sistem t\u00eb ekonomis\u00eb s\u00eb tregut. Kur p\u00ebrmasat e protest\u00ebs u rrit\u00ebn dhe kulmuan n\u00eb manifestimin e madh t\u00eb s\u00eb shtun\u00ebs, nj\u00eb komision qeveritar vendosi q\u00eb \u00e7mimi i naft\u00ebs n\u00eb t\u00eb gjitha pikat e vendit t\u00eb jet\u00eb 217 lek\u00eb p\u00ebr lit\u00ebr. Pra teoria \u201ce vendos tregu\u201d u harrua dhe me nj\u00eb t\u00eb r\u00ebn\u00eb t\u00eb lapsit \u00e7mimi u ul me gati 60 lek\u00eb p\u00ebr lit\u00ebr. Menj\u00ebher\u00eb pas deklarat\u00ebs s\u00eb Ram\u00ebs n\u00eb fillim t\u00eb jav\u00ebs p\u00ebr mosnd\u00ebrhyrje n\u00eb treg, \u00e7mimet e karburantit shkuan deri n\u00eb 290 lek\u00eb p\u00ebr lit\u00ebr. Por kur vala e protest\u00ebs filloi t\u00eb ngrihej shefi i qeveris\u00eb i shantazhoi importuesit duke i paraqitur si m\u00ebkatar\u00eb t\u00eb cil\u00ebve n\u00eb k\u00ebt\u00eb moment iu jepej rasti ti lanin ato.<\/p>\n<p>Si pasoj\u00eb e k\u00ebtij k\u00ebrc\u00ebnimi t\u00eb Ram\u00ebs \u201ctregu i lir\u00eb\u201d e zbriti \u00e7mimin me gati 60 lek\u00eb.<\/p>\n<p>At\u00ebher\u00eb me t\u00eb drejt\u00eb mund t\u00eb pyesim: kush vendos se sa thell\u00eb do i futet dora n\u00eb xhep qytetar\u00ebve: ekonomia e liberalizuar, importuesit, apo autokrati q\u00eb kontrollon gjith\u00e7ka?<\/p>\n<p>\u00a9Lapsi.al<\/p>","protected":false},"excerpt":{"rendered":"<p>Mjaftuan vet\u00ebm pak dit\u00eb protesta p\u00ebr t\u00eb v\u00ebrtetuar nj\u00eb gj\u00eb q\u00eb jo t\u00eb gjith\u00eb arrijn\u00eb ta kuptojn\u00eb, at\u00eb se regjimit t\u00eb Ram\u00ebs gj\u00ebrat i merren vet\u00ebm me forc\u00eb. Se ai l\u00ebshon vet\u00ebm kur ndjen frik\u00eb. Kjo ndodhi edhe me uljen e beft\u00eb t\u00eb \u00e7mimit t\u00eb karburantit q\u00eb rezultoi se nuk u vendosk\u00ebrka as nga oligark\u00ebt [&hellip;]<\/p>\n","protected":false},"author":2031,"featured_media":243308,"comment_status":"closed","ping_status":"closed","sticky":false,"template":"","format":"standard","meta":{"footnotes":""},"categories":[231],"tags":[],"class_list":{"0":"post-243307","1":"post","2":"type-post","3":"status-publish","4":"format-standard","5":"has-post-thumbnail","7":"category-lajme"},"_links":{"self":[{"href":"https:\/\/zjarr.tv\/en\/wp-json\/wp\/v2\/posts\/243307","targetHints":{"allow":["GET"]}}],"collection":[{"href":"https:\/\/zjarr.tv\/en\/wp-json\/wp\/v2\/posts"}],"about":[{"href":"https:\/\/zjarr.tv\/en\/wp-json\/wp\/v2\/types\/post"}],"author":[{"embeddable":true,"href":"https:\/\/zjarr.tv\/en\/wp-json\/wp\/v2\/users\/2031"}],"replies":[{"embeddable":true,"href":"https:\/\/zjarr.tv\/en\/wp-json\/wp\/v2\/comments?post=243307"}],"version-history":[{"count":0,"href":"https:\/\/zjarr.tv\/en\/wp-json\/wp\/v2\/posts\/243307\/revisions"}],"wp:featuredmedia":[{"embeddable":true,"href":"https:\/\/zjarr.tv\/en\/wp-json\/wp\/v2\/media\/243308"}],"wp:attachment":[{"href":"https:\/\/zjarr.tv\/en\/wp-json\/wp\/v2\/media?parent=243307"}],"wp:term":[{"taxonomy":"category","embeddable":true,"href":"https:\/\/zjarr.tv\/en\/wp-json\/wp\/v2\/categories?post=243307"},{"taxonomy":"post_tag","embeddable":true,"href":"https:\/\/zjarr.tv\/en\/wp-json\/wp\/v2\/tags?post=243307"}],"curies":[{"name":"wp","href":"https:\/\/api.w.org\/{rel}","templated":true}]}}