{"id":243793,"date":"2022-03-14T16:55:34","date_gmt":"2022-03-14T15:55:34","guid":{"rendered":"https:\/\/zjarr.tv\/?p=243793"},"modified":"2022-03-14T16:55:34","modified_gmt":"2022-03-14T15:55:34","slug":"sali-berisha-i-nxjerr-foton-edi-rames-keta-jane-protestuesit-me-x5","status":"publish","type":"post","link":"https:\/\/zjarr.tv\/en\/sali-berisha-i-nxjerr-foton-edi-rames-keta-jane-protestuesit-me-x5\/","title":{"rendered":"Sali Berisha i nxjerr foton Edi Ram\u00ebs: K\u00ebta jan\u00eb protestuesit me X5!?"},"content":{"rendered":"<p>Ish-kryeministri Sali Berisha, pak para nisjes s\u00eb protest\u00ebs s\u00eb qytetar\u00ebve para Kryeministris\u00eb, p\u00ebr rritjen e \u00e7mimeve, ka publikuar nj\u00eb foto t\u00eb disa personave me aft\u00ebsi t\u00eb kufizuara.<\/p>\n<p>N\u00eb foton e publikuar n\u00eb \u201cFacebook\u201d, shihet se k\u00ebta qytetar\u00eb kan\u00eb shkuar n\u00eb protest\u00eb me karrocat q\u00eb p\u00ebrdorin p\u00ebr t\u00eb l\u00ebvizur.<\/p>\n<p>P\u00ebrmes k\u00ebsaj pamje, Berisha i tregoi kryeministrit Rama se protestuesit nuk kan\u00eb \u201cX5\u201d, ashtu si ai deklaroi disa dit\u00eb m\u00eb par\u00eb.<\/p>\n<p>\u201cK\u00ebta jan\u00eb protestuesit me X5!? Turp! Sb\u201d, shkruan Berisha.<\/p>\n<p><img loading=\"lazy\" decoding=\"async\" class=\"alignnone size-medium wp-image-243795\" src=\"https:\/\/zjarr.tv\/wp-content\/uploads\/2022\/03\/Untitled-design-2022-03-14T165522.704-300x251.jpg\" alt=\"\" width=\"300\" height=\"251\" srcset=\"https:\/\/zjarr.tv\/wp-content\/uploads\/2022\/03\/Untitled-design-2022-03-14T165522.704-300x251.jpg 300w, https:\/\/zjarr.tv\/wp-content\/uploads\/2022\/03\/Untitled-design-2022-03-14T165522.704-768x644.jpg 768w, https:\/\/zjarr.tv\/wp-content\/uploads\/2022\/03\/Untitled-design-2022-03-14T165522.704-696x583.jpg 696w, https:\/\/zjarr.tv\/wp-content\/uploads\/2022\/03\/Untitled-design-2022-03-14T165522.704-501x420.jpg 501w, https:\/\/zjarr.tv\/wp-content\/uploads\/2022\/03\/Untitled-design-2022-03-14T165522.704.jpg 940w\" sizes=\"auto, (max-width: 300px) 100vw, 300px\" \/><\/p>","protected":false},"excerpt":{"rendered":"<p>Ish-kryeministri Sali Berisha, pak para nisjes s\u00eb protest\u00ebs s\u00eb qytetar\u00ebve para Kryeministris\u00eb, p\u00ebr rritjen e \u00e7mimeve, ka publikuar nj\u00eb foto t\u00eb disa personave me aft\u00ebsi t\u00eb kufizuara. N\u00eb foton e publikuar n\u00eb \u201cFacebook\u201d, shihet se k\u00ebta qytetar\u00eb kan\u00eb shkuar n\u00eb protest\u00eb me karrocat q\u00eb p\u00ebrdorin p\u00ebr t\u00eb l\u00ebvizur. P\u00ebrmes k\u00ebsaj pamje, Berisha i tregoi kryeministrit [&hellip;]<\/p>\n","protected":false},"author":2030,"featured_media":243794,"comment_status":"closed","ping_status":"closed","sticky":false,"template":"","format":"standard","meta":{"footnotes":""},"categories":[241,3366,5380,231,1454],"tags":[],"class_list":{"0":"post-243793","1":"post","2":"type-post","3":"status-publish","4":"format-standard","5":"has-post-thumbnail","7":"category-aktualitet","8":"category-koment","9":"category-kryesore","10":"category-lajme","11":"category-politike"},"_links":{"self":[{"href":"https:\/\/zjarr.tv\/en\/wp-json\/wp\/v2\/posts\/243793","targetHints":{"allow":["GET"]}}],"collection":[{"href":"https:\/\/zjarr.tv\/en\/wp-json\/wp\/v2\/posts"}],"about":[{"href":"https:\/\/zjarr.tv\/en\/wp-json\/wp\/v2\/types\/post"}],"author":[{"embeddable":true,"href":"https:\/\/zjarr.tv\/en\/wp-json\/wp\/v2\/users\/2030"}],"replies":[{"embeddable":true,"href":"https:\/\/zjarr.tv\/en\/wp-json\/wp\/v2\/comments?post=243793"}],"version-history":[{"count":0,"href":"https:\/\/zjarr.tv\/en\/wp-json\/wp\/v2\/posts\/243793\/revisions"}],"wp:featuredmedia":[{"embeddable":true,"href":"https:\/\/zjarr.tv\/en\/wp-json\/wp\/v2\/media\/243794"}],"wp:attachment":[{"href":"https:\/\/zjarr.tv\/en\/wp-json\/wp\/v2\/media?parent=243793"}],"wp:term":[{"taxonomy":"category","embeddable":true,"href":"https:\/\/zjarr.tv\/en\/wp-json\/wp\/v2\/categories?post=243793"},{"taxonomy":"post_tag","embeddable":true,"href":"https:\/\/zjarr.tv\/en\/wp-json\/wp\/v2\/tags?post=243793"}],"curies":[{"name":"wp","href":"https:\/\/api.w.org\/{rel}","templated":true}]}}