{"id":243799,"date":"2022-03-14T17:01:45","date_gmt":"2022-03-14T16:01:45","guid":{"rendered":"https:\/\/zjarr.tv\/?p=243799"},"modified":"2022-03-14T17:01:45","modified_gmt":"2022-03-14T16:01:45","slug":"qeveria-mos-te-thote-se-nuk-ka-cfare-te-beje-perfaqesuesit-e-grupeve-te-interesit-te-kishte-nderhyre-me-kohe-te-heqe-taksen-per-naften","status":"publish","type":"post","link":"https:\/\/zjarr.tv\/en\/qeveria-mos-te-thote-se-nuk-ka-cfare-te-beje-perfaqesuesit-e-grupeve-te-interesit-te-kishte-nderhyre-me-kohe-te-heqe-taksen-per-naften\/","title":{"rendered":"\u201cQeveria mos t\u00eb thot\u00eb se nuk ka \u00e7far\u00eb t\u00eb b\u00ebj\u00eb\u201d, p\u00ebrfaq\u00ebsuesit e grupeve t\u00eb interesit: T\u00eb kishte nd\u00ebrhyr\u00eb me koh\u00eb, t\u00eb heq\u00eb taks\u00ebn p\u00ebr naft\u00ebn"},"content":{"rendered":"<p>P\u00ebrfaq\u00ebsues t\u00eb unionit turistik dhe t\u00eb fermer\u00ebve kan\u00eb protestuar dit\u00ebn e sotme kund\u00ebr rritjes s\u00eb \u00e7mimeve dhe gjendjes s\u00eb v\u00ebshtir\u00eb ku ata ndodhen s\u00eb fundmi me vones\u00ebn e marrjeve t\u00eb masave nga ana e qeveris\u00eb.<\/p>\n<p>Ata shprehen se qeveria shqiptare ishte qeveria e cila kishte ndihmuar m\u00eb s\u00eb pakti bizneset edhe n\u00eb koh\u00eb pandemie. Nd\u00ebrsa sa i p\u00ebrket bordit t\u00eb ngritur p\u00ebr zgjidhjen e kriz\u00ebs, ata than\u00eb se an\u00ebtar\u00ebt ishin n\u00eb konlfikt interesi dhe se asnj\u00ebri prej tyre nuk i p\u00ebrfaq\u00ebsonte.<\/p>\n<p>P\u00ebrfaq\u00ebsues t\u00eb unionit turistik dhe t\u00eb fermer\u00ebve:<\/p>\n<p>Ne e kemi par\u00eb me shum\u00eb shqet\u00ebsim gjendjen aktuale sidomos p\u00ebr ekonomin\u00eb p\u00ebr bizneset tona, p\u00ebr familjet. Sepse flitet p\u00ebr \u00e7mimin e naft\u00ebs. Nd\u00ebrsa tani thuhet se \u00ebsht\u00eb nd\u00ebrtuar nj\u00eb bord p\u00ebr zgjidhjen e k\u00ebsaj krize por an\u00ebtar\u00ebt jan\u00eb n\u00eb konflikt interesi. Nuk ka pjes\u00ebtar\u00eb t\u00eb grupeve t\u00eb interesit t\u00eb cilat ekzistojn\u00eb n\u00eb Shqip\u00ebri.<\/p>\n<p>Koha \u00ebsht\u00eb emergjente dhe zgjidhja duhet t\u00eb ishte emergjente. Por kemi par\u00eb nj\u00eb pasivitet nga ana e qeveris\u00eb si n\u00eb koh\u00ebn e pandemis\u00eb q\u00eb premtoi p\u00ebr t\u00eb ngritur ekonomin\u00eb e bizneseve. Por duhet th\u00ebn\u00eb se qeveria shqiptare \u00ebsht\u00eb ajo q\u00eb ka ndihmuar m\u00eb s\u00eb pakti bizneset n\u00eb Shqip\u00ebri. Duam t\u00eb hiqet taksa ose edhe t\u00eb p\u00ebrgjysmohet taksa. Sepse qeveria shqiptare p\u00ebr \u00e7do lit\u00ebr merr 130 lek\u00eb. K\u00ebshtu q\u00eb mos t\u00eb thot\u00eb m\u00eb se nuk ka \u00e7far\u00eb t\u00eb b\u00ebj\u00eb se n\u00ebse \u00ebsht\u00eb k\u00ebshtu, mund t\u2019ja themi ne. Qeveria dueht t\u00eb nd\u00ebrhyj\u00eb menj\u00ebher\u00eb kur sheh q\u00eb rrezikohen rritjet e \u00e7mimeve p\u00ebr produktet e shport\u00ebs. Duhet t\u00eb kishte nd\u00ebrhyr\u00eb me koh\u00eb.<\/p>","protected":false},"excerpt":{"rendered":"<p>P\u00ebrfaq\u00ebsues t\u00eb unionit turistik dhe t\u00eb fermer\u00ebve kan\u00eb protestuar dit\u00ebn e sotme kund\u00ebr rritjes s\u00eb \u00e7mimeve dhe gjendjes s\u00eb v\u00ebshtir\u00eb ku ata ndodhen s\u00eb fundmi me vones\u00ebn e marrjeve t\u00eb masave nga ana e qeveris\u00eb. Ata shprehen se qeveria shqiptare ishte qeveria e cila kishte ndihmuar m\u00eb s\u00eb pakti bizneset edhe n\u00eb koh\u00eb pandemie. Nd\u00ebrsa [&hellip;]<\/p>\n","protected":false},"author":2030,"featured_media":243800,"comment_status":"closed","ping_status":"closed","sticky":false,"template":"","format":"standard","meta":{"footnotes":""},"categories":[241,3366,5380,231],"tags":[],"class_list":{"0":"post-243799","1":"post","2":"type-post","3":"status-publish","4":"format-standard","5":"has-post-thumbnail","7":"category-aktualitet","8":"category-koment","9":"category-kryesore","10":"category-lajme"},"_links":{"self":[{"href":"https:\/\/zjarr.tv\/en\/wp-json\/wp\/v2\/posts\/243799","targetHints":{"allow":["GET"]}}],"collection":[{"href":"https:\/\/zjarr.tv\/en\/wp-json\/wp\/v2\/posts"}],"about":[{"href":"https:\/\/zjarr.tv\/en\/wp-json\/wp\/v2\/types\/post"}],"author":[{"embeddable":true,"href":"https:\/\/zjarr.tv\/en\/wp-json\/wp\/v2\/users\/2030"}],"replies":[{"embeddable":true,"href":"https:\/\/zjarr.tv\/en\/wp-json\/wp\/v2\/comments?post=243799"}],"version-history":[{"count":0,"href":"https:\/\/zjarr.tv\/en\/wp-json\/wp\/v2\/posts\/243799\/revisions"}],"wp:featuredmedia":[{"embeddable":true,"href":"https:\/\/zjarr.tv\/en\/wp-json\/wp\/v2\/media\/243800"}],"wp:attachment":[{"href":"https:\/\/zjarr.tv\/en\/wp-json\/wp\/v2\/media?parent=243799"}],"wp:term":[{"taxonomy":"category","embeddable":true,"href":"https:\/\/zjarr.tv\/en\/wp-json\/wp\/v2\/categories?post=243799"},{"taxonomy":"post_tag","embeddable":true,"href":"https:\/\/zjarr.tv\/en\/wp-json\/wp\/v2\/tags?post=243799"}],"curies":[{"name":"wp","href":"https:\/\/api.w.org\/{rel}","templated":true}]}}