{"id":243807,"date":"2022-03-14T17:07:08","date_gmt":"2022-03-14T16:07:08","guid":{"rendered":"https:\/\/zjarr.tv\/?p=243807"},"modified":"2022-03-14T17:07:08","modified_gmt":"2022-03-14T16:07:08","slug":"sot-dita-e-gjashte-e-protestes-kunder-rritjes-se-cmimeve-qytetaret-mblidhen-serish-para-kryeministrise","status":"publish","type":"post","link":"https:\/\/zjarr.tv\/en\/sot-dita-e-gjashte-e-protestes-kunder-rritjes-se-cmimeve-qytetaret-mblidhen-serish-para-kryeministrise\/","title":{"rendered":"Sot dita e gjasht\u00eb e protest\u00ebs kund\u00ebr rritjes s\u00eb \u00e7mimeve, qytetar\u00ebt mblidhen s\u00ebrish para Kryeministris\u00eb"},"content":{"rendered":"<p>Qytetar\u00ebt do t\u00eb mblidhen n\u00eb protest\u00eb edhe k\u00ebt\u00eb t\u00eb h\u00ebn\u00eb n\u00eb or\u00ebn 17:00 kund\u00ebr rritjes s\u00eb \u00e7mimeve.<\/p>\n<p>Kjo \u00ebsht\u00eb dita e gjasht\u00eb e tubimit t\u00eb qytetar\u00ebve.<\/p>\n<p>Protesta do t\u00eb nis\u00eb nga Sheshi Sk\u00ebnderbej dhe m\u00eb pas ata do t\u00eb marshojn\u00eb drejt sheshit p\u00ebrpara Kryeministris\u00eb.<\/p>\n<p>T\u00eb diel\u00ebn qytetar\u00ebt u mblodh\u00ebn s\u00ebrish dhe paralajm\u00ebruan se nuk do t\u00eb ndalen deri n\u00eb plot\u00ebsimin e k\u00ebrkesave t\u00eb tyre.<\/p>","protected":false},"excerpt":{"rendered":"<p>Qytetar\u00ebt do t\u00eb mblidhen n\u00eb protest\u00eb edhe k\u00ebt\u00eb t\u00eb h\u00ebn\u00eb n\u00eb or\u00ebn 17:00 kund\u00ebr rritjes s\u00eb \u00e7mimeve. Kjo \u00ebsht\u00eb dita e gjasht\u00eb e tubimit t\u00eb qytetar\u00ebve. Protesta do t\u00eb nis\u00eb nga Sheshi Sk\u00ebnderbej dhe m\u00eb pas ata do t\u00eb marshojn\u00eb drejt sheshit p\u00ebrpara Kryeministris\u00eb. T\u00eb diel\u00ebn qytetar\u00ebt u mblodh\u00ebn s\u00ebrish dhe paralajm\u00ebruan se nuk do [&hellip;]<\/p>\n","protected":false},"author":2030,"featured_media":243808,"comment_status":"closed","ping_status":"closed","sticky":false,"template":"","format":"standard","meta":{"footnotes":""},"categories":[241,5380,231],"tags":[],"class_list":{"0":"post-243807","1":"post","2":"type-post","3":"status-publish","4":"format-standard","5":"has-post-thumbnail","7":"category-aktualitet","8":"category-kryesore","9":"category-lajme"},"_links":{"self":[{"href":"https:\/\/zjarr.tv\/en\/wp-json\/wp\/v2\/posts\/243807","targetHints":{"allow":["GET"]}}],"collection":[{"href":"https:\/\/zjarr.tv\/en\/wp-json\/wp\/v2\/posts"}],"about":[{"href":"https:\/\/zjarr.tv\/en\/wp-json\/wp\/v2\/types\/post"}],"author":[{"embeddable":true,"href":"https:\/\/zjarr.tv\/en\/wp-json\/wp\/v2\/users\/2030"}],"replies":[{"embeddable":true,"href":"https:\/\/zjarr.tv\/en\/wp-json\/wp\/v2\/comments?post=243807"}],"version-history":[{"count":0,"href":"https:\/\/zjarr.tv\/en\/wp-json\/wp\/v2\/posts\/243807\/revisions"}],"wp:featuredmedia":[{"embeddable":true,"href":"https:\/\/zjarr.tv\/en\/wp-json\/wp\/v2\/media\/243808"}],"wp:attachment":[{"href":"https:\/\/zjarr.tv\/en\/wp-json\/wp\/v2\/media?parent=243807"}],"wp:term":[{"taxonomy":"category","embeddable":true,"href":"https:\/\/zjarr.tv\/en\/wp-json\/wp\/v2\/categories?post=243807"},{"taxonomy":"post_tag","embeddable":true,"href":"https:\/\/zjarr.tv\/en\/wp-json\/wp\/v2\/tags?post=243807"}],"curies":[{"name":"wp","href":"https:\/\/api.w.org\/{rel}","templated":true}]}}