{"id":243822,"date":"2022-03-14T17:35:08","date_gmt":"2022-03-14T16:35:08","guid":{"rendered":"https:\/\/zjarr.tv\/?p=243822"},"modified":"2022-03-14T17:35:08","modified_gmt":"2022-03-14T16:35:08","slug":"prilli-per-mesuesit-e-rinj-hapen-aplikimet-ne-zyrat-arsimore-ministria-leter-drejtorive-arsimore-rajonale","status":"publish","type":"post","link":"https:\/\/zjarr.tv\/en\/prilli-per-mesuesit-e-rinj-hapen-aplikimet-ne-zyrat-arsimore-ministria-leter-drejtorive-arsimore-rajonale\/","title":{"rendered":"Prilli p\u00ebr m\u00ebsuesit e rinj, hapen aplikimet n\u00eb zyrat arsimore! Ministria let\u00ebr drejtorive arsimore rajonale"},"content":{"rendered":"<p>Kan\u00eb muaj q\u00eb presin e pyesin p\u00ebr nj\u00eb dat\u00eb t\u00eb mundshme p\u00ebr zhvillimin e provimit t\u00eb shtetit n\u00eb m\u00ebsuesi, por vet\u00ebm tani \u00ebsht\u00eb dh\u00ebn\u00eb drita jeshile p\u00ebr m\u00ebsuesit e rinj, t\u00eb cil\u00ebt duan t\u00eb fitojn\u00eb licenc\u00ebn p\u00ebr t\u00eb konkurruar mandej n\u00eb provimin p\u00ebr pun\u00ebs \u201cM\u00ebsues p\u00ebr Shqip\u00ebrin\u00eb\u201d.<\/p>\n<p>N\u00eb nj\u00eb let\u00ebr q\u00eb Ministria e Arsimit ua ka nisur drejtorive arsimore rajonale e zyrave arsimore k\u00ebrkohet marrja e masave p\u00ebr regjistrimin dhe dor\u00ebzimin e list\u00ebs s\u00eb emrave q\u00eb duan t\u00eb testohen n\u00eb sezonin q\u00eb do t\u00eb mbahet n\u00eb muajin e ardhsh\u00ebm. \u201cProvimet e shtetit p\u00ebr profesionin e rregulluar t\u00eb m\u00ebsuesit do t\u00eb zhvillohen gjat\u00eb muajit prill 2022, pran\u00eb Qendr\u00ebs s\u00eb Sh\u00ebrbimeve Arsimore, sipas kalendarit t\u00eb hartuar nga ky institucion\u201d, citohet n\u00eb shkres\u00ebn p\u00ebrcjell\u00ebse, n\u00eb t\u00eb cil\u00ebn n\u00ebnvizohet se deri n\u00eb gjysm\u00eb t\u00eb muajit mars, pra, n\u00eb dat\u00eb 15, zyrat arsimore t\u00eb dor\u00ebzojn\u00eb list\u00ebn e kandidat\u00ebve bashk\u00eb me t\u00eb dh\u00ebnat e tyre.<\/p>\n<p>Ato i p\u00ebrcillen QSHA-s\u00eb, e cila pasi harton kalendarin me datat bazuar n\u00eb at\u00eb database, harton dhe b\u00ebn publike list\u00ebn bashk\u00eb me dat\u00ebn dhe or\u00ebn specifike t\u00eb t\u00eb testuarve. Si rregull, testimet p\u00ebr profesionet e rregulluara t\u00eb m\u00ebsuesit e mjek\u00ebve mbahen dy her\u00eb n\u00eb vit, parimisht n\u00eb korrik e dhjetor, por rendi \u00ebsht\u00eb prishur prej koh\u00ebsh tanim\u00eb, \u00e7ka ka penalizuar t\u00eb rinjt\u00eb n\u00eb k\u00ebrkimin e nj\u00eb pune me zgjatjen n\u00eb koh\u00eb t\u00eb procesit.<\/p>\n<p>MAS u b\u00ebn me dije zyrave vendore se jan\u00eb p\u00ebrgjegj\u00ebse p\u00ebr sakt\u00ebsin\u00eb e t\u00eb dh\u00ebnave n\u00eb filtrimin e dosjeve q\u00eb plot\u00ebsojn\u00eb ose jo kushtet p\u00ebr t\u2019u futur n\u00eb provim. Sakaq, nuk mbajn\u00eb asnj\u00eb p\u00ebrgjegj\u00ebsi p\u00ebr mosrespektimin e afateve n\u00eb zhvillimin e testimeve dy her\u00eb n\u00eb vit, dhjetor e korrik.<\/p>","protected":false},"excerpt":{"rendered":"<p>Kan\u00eb muaj q\u00eb presin e pyesin p\u00ebr nj\u00eb dat\u00eb t\u00eb mundshme p\u00ebr zhvillimin e provimit t\u00eb shtetit n\u00eb m\u00ebsuesi, por vet\u00ebm tani \u00ebsht\u00eb dh\u00ebn\u00eb drita jeshile p\u00ebr m\u00ebsuesit e rinj, t\u00eb cil\u00ebt duan t\u00eb fitojn\u00eb licenc\u00ebn p\u00ebr t\u00eb konkurruar mandej n\u00eb provimin p\u00ebr pun\u00ebs \u201cM\u00ebsues p\u00ebr Shqip\u00ebrin\u00eb\u201d. N\u00eb nj\u00eb let\u00ebr q\u00eb Ministria e Arsimit ua [&hellip;]<\/p>\n","protected":false},"author":2030,"featured_media":243823,"comment_status":"closed","ping_status":"closed","sticky":false,"template":"","format":"standard","meta":{"footnotes":""},"categories":[241,3366,5380,231],"tags":[],"class_list":{"0":"post-243822","1":"post","2":"type-post","3":"status-publish","4":"format-standard","5":"has-post-thumbnail","7":"category-aktualitet","8":"category-koment","9":"category-kryesore","10":"category-lajme"},"_links":{"self":[{"href":"https:\/\/zjarr.tv\/en\/wp-json\/wp\/v2\/posts\/243822","targetHints":{"allow":["GET"]}}],"collection":[{"href":"https:\/\/zjarr.tv\/en\/wp-json\/wp\/v2\/posts"}],"about":[{"href":"https:\/\/zjarr.tv\/en\/wp-json\/wp\/v2\/types\/post"}],"author":[{"embeddable":true,"href":"https:\/\/zjarr.tv\/en\/wp-json\/wp\/v2\/users\/2030"}],"replies":[{"embeddable":true,"href":"https:\/\/zjarr.tv\/en\/wp-json\/wp\/v2\/comments?post=243822"}],"version-history":[{"count":0,"href":"https:\/\/zjarr.tv\/en\/wp-json\/wp\/v2\/posts\/243822\/revisions"}],"wp:featuredmedia":[{"embeddable":true,"href":"https:\/\/zjarr.tv\/en\/wp-json\/wp\/v2\/media\/243823"}],"wp:attachment":[{"href":"https:\/\/zjarr.tv\/en\/wp-json\/wp\/v2\/media?parent=243822"}],"wp:term":[{"taxonomy":"category","embeddable":true,"href":"https:\/\/zjarr.tv\/en\/wp-json\/wp\/v2\/categories?post=243822"},{"taxonomy":"post_tag","embeddable":true,"href":"https:\/\/zjarr.tv\/en\/wp-json\/wp\/v2\/tags?post=243822"}],"curies":[{"name":"wp","href":"https:\/\/api.w.org\/{rel}","templated":true}]}}