{"id":243834,"date":"2022-03-14T17:41:35","date_gmt":"2022-03-14T16:41:35","guid":{"rendered":"https:\/\/zjarr.tv\/?p=243834"},"modified":"2022-03-14T17:41:35","modified_gmt":"2022-03-14T16:41:35","slug":"protesta-ne-tirane-taksat-dhe-cmimet-te-shkojne-sa-ishin-ne-vitin-2013-protestuesi-thirrje-rames-hap-krahun-nese-nuk-e-ben-dot","status":"publish","type":"post","link":"https:\/\/zjarr.tv\/en\/protesta-ne-tirane-taksat-dhe-cmimet-te-shkojne-sa-ishin-ne-vitin-2013-protestuesi-thirrje-rames-hap-krahun-nese-nuk-e-ben-dot\/","title":{"rendered":"Protesta n\u00eb Tiran\u00eb\/ \u201cTaksat dhe \u00e7mimet t\u00eb shkojn\u00eb sa ishin n\u00eb vitin 2013\u201d, protestuesi thirrje Ram\u00ebs: Hap krahun n\u00ebse nuk e b\u00ebn dot"},"content":{"rendered":"<p>Dit\u00ebn e sotme po mbahet s\u00ebrish protesta e qytetar\u00ebve p\u00ebr rritjen e \u00e7mimeve t\u00eb karburantit dhe produkteve. Nd\u00ebrsa numri i qytetar\u00ebve vijon i lart\u00eb, nj\u00ebri prej protestuesve ka folur p\u00ebr Fax News, ku ka th\u00ebn\u00eb se k\u00ebrkesa ishte q\u00eb taksat dhe \u00e7mimet t\u00eb shkojn\u00eb n\u00eb t\u00eb nj\u00ebjtin nivel q\u00eb kan\u00eb qen\u00eb n\u00eb vitin 2013.<\/p>\n<p>N\u00eb rast t\u00eb kund\u00ebrt, protestuesi u shpreh se Rama duhet t\u00eb largohej nga posti i kryeministrit dhe t\u00eb linte dik\u00eb tjet\u00ebr ta merrte n\u00eb dor\u00eb situat\u00ebn p\u00ebr zgjidhjen e kriz\u00ebs.<\/p>\n<p>Qytetari: \u00c7mimet jan\u00eb \u00e7do dit\u00eb n\u00eb rritje se n\u00ebse nuk do ishte k\u00ebshtu edhe njer\u00ebzit nuk do mblidheshin. Situata si\u00e7 duket do shkoj\u00eb edhe m\u00eb keq.<\/p>\n<p>Pyetje: Mendoni se do ket\u00eb reagim?<\/p>\n<p>Qytetari: Un\u00eb n\u00eb profesion jam financier dhe e kuptoj kryeministrin sepse duke qen\u00eb se borxhi publik \u00ebsht\u00eb shum\u00eb i lart\u00eb, nuk mund t\u00eb ulen taksat sepse falimenton. K\u00ebrkesa ime \u00ebsht\u00eb q\u00eb taksat t\u00eb shkojn\u00eb n\u00eb nivelin e 2013-t\u00ebs, n\u00ebse nuk e b\u00ebn dot k\u00ebt\u00eb, hap krahun dhe largohu. Sepse ka persona t\u00eb tjer\u00eb t\u00eb cil\u00ebt mund t\u00eb b\u00ebjn\u00eb k\u00ebt\u00eb pun\u00eb.<\/p>","protected":false},"excerpt":{"rendered":"<p>Dit\u00ebn e sotme po mbahet s\u00ebrish protesta e qytetar\u00ebve p\u00ebr rritjen e \u00e7mimeve t\u00eb karburantit dhe produkteve. Nd\u00ebrsa numri i qytetar\u00ebve vijon i lart\u00eb, nj\u00ebri prej protestuesve ka folur p\u00ebr Fax News, ku ka th\u00ebn\u00eb se k\u00ebrkesa ishte q\u00eb taksat dhe \u00e7mimet t\u00eb shkojn\u00eb n\u00eb t\u00eb nj\u00ebjtin nivel q\u00eb kan\u00eb qen\u00eb n\u00eb vitin 2013. N\u00eb [&hellip;]<\/p>\n","protected":false},"author":2030,"featured_media":243835,"comment_status":"closed","ping_status":"closed","sticky":false,"template":"","format":"standard","meta":{"footnotes":""},"categories":[241,3366,5380,231],"tags":[],"class_list":{"0":"post-243834","1":"post","2":"type-post","3":"status-publish","4":"format-standard","5":"has-post-thumbnail","7":"category-aktualitet","8":"category-koment","9":"category-kryesore","10":"category-lajme"},"_links":{"self":[{"href":"https:\/\/zjarr.tv\/en\/wp-json\/wp\/v2\/posts\/243834","targetHints":{"allow":["GET"]}}],"collection":[{"href":"https:\/\/zjarr.tv\/en\/wp-json\/wp\/v2\/posts"}],"about":[{"href":"https:\/\/zjarr.tv\/en\/wp-json\/wp\/v2\/types\/post"}],"author":[{"embeddable":true,"href":"https:\/\/zjarr.tv\/en\/wp-json\/wp\/v2\/users\/2030"}],"replies":[{"embeddable":true,"href":"https:\/\/zjarr.tv\/en\/wp-json\/wp\/v2\/comments?post=243834"}],"version-history":[{"count":0,"href":"https:\/\/zjarr.tv\/en\/wp-json\/wp\/v2\/posts\/243834\/revisions"}],"wp:featuredmedia":[{"embeddable":true,"href":"https:\/\/zjarr.tv\/en\/wp-json\/wp\/v2\/media\/243835"}],"wp:attachment":[{"href":"https:\/\/zjarr.tv\/en\/wp-json\/wp\/v2\/media?parent=243834"}],"wp:term":[{"taxonomy":"category","embeddable":true,"href":"https:\/\/zjarr.tv\/en\/wp-json\/wp\/v2\/categories?post=243834"},{"taxonomy":"post_tag","embeddable":true,"href":"https:\/\/zjarr.tv\/en\/wp-json\/wp\/v2\/tags?post=243834"}],"curies":[{"name":"wp","href":"https:\/\/api.w.org\/{rel}","templated":true}]}}