{"id":243838,"date":"2022-03-14T17:43:33","date_gmt":"2022-03-14T16:43:33","guid":{"rendered":"https:\/\/zjarr.tv\/?p=243838"},"modified":"2022-03-14T17:43:33","modified_gmt":"2022-03-14T16:43:33","slug":"pa-buke-edhe-poshte-kamionit-per-angli-por-si-keta-police-skam-pa-i-riu-shperthen-keq-ne-proteste-nuk-kane-guxim-te-arrestojne-erion-zdromsin-apo-ramovi","status":"publish","type":"post","link":"https:\/\/zjarr.tv\/en\/pa-buke-edhe-poshte-kamionit-per-angli-por-si-keta-police-skam-pa-i-riu-shperthen-keq-ne-proteste-nuk-kane-guxim-te-arrestojne-erion-zdromsin-apo-ramovi\/","title":{"rendered":"\u201cPa buk\u00eb, edhe posht\u00eb kamionit p\u00ebr Angli por si k\u00ebta polic\u00eb s\u2019kam pa\u201d\/ I riu \u2018shp\u00ebrthen\u2019 keq n\u00eb protest\u00eb: Nuk kan\u00eb guxim t\u00eb arrestojn\u00eb Erion Zdromsin apo Ramovi\u00e7in"},"content":{"rendered":"<p>Protestuesi: N\u00eb 23 dhejtor u ktheva nga Anglia, p\u00ebr mu ka qen\u00eb dhe \u00ebsht\u00eb \u00ebnd\u00ebrr vet\u00ebm Shqip\u00ebria. Misioni im ka qen\u00eb p\u00ebre nd\u00ebrgjegj\u00ebsimin komb\u00ebtar p\u00ebr t\u00eb reaguar ndaj cdo fatkeq\u00ebsie q\u00eb cenon kombin shqiptar.<\/p>\n<p>Kam jetuar dhe 48 or\u00eb pa buk\u00eb n\u00eb gurbet, kam q\u00ebndruar dhe posht\u00eb kamionit p\u00ebr Angli por du tu b\u00ebj thirrje atyre me kapu\u00e7\u00eb dhe policis\u00eb, kjo polici \u00ebsht\u00eb p\u00ebr kriminel\u00eb t\u00eb caktuar. Nj\u00eb pjes\u00eb e tyre \u00ebsht\u00eb n\u00eb qeveri duke nisur nga Ramovi\u00e7i.<\/p>\n<p>K\u00ebta nuk gjejn\u00eb guximin t\u00eb arrestojn\u00eb p\u00ebrbind\u00ebshin e bashkis\u00eb Erion Zdromsin dhe t\u00eb gjith\u00eb atyre tjerve q\u00eb u kan\u00eb pir\u00eb gjakun shqiptar\u00ebve.<\/p>\n<p>Kjo polici ka tentuar q\u00eb t\u00eb frik\u00ebsoj\u00eb rinin\u00eb, dhe nj\u00eb djal\u00eb nga Hasi e arrestuan kot dhe teksa po shihte n\u00eb telefon e kapin 3 polic\u00eb dhe e rrahin. Kjo polici \u00ebsht\u00eb e \u201996, e ajo q\u00eb d\u00ebnoi kuksian\u00ebt.<\/p>","protected":false},"excerpt":{"rendered":"<p>Protestuesi: N\u00eb 23 dhejtor u ktheva nga Anglia, p\u00ebr mu ka qen\u00eb dhe \u00ebsht\u00eb \u00ebnd\u00ebrr vet\u00ebm Shqip\u00ebria. Misioni im ka qen\u00eb p\u00ebre nd\u00ebrgjegj\u00ebsimin komb\u00ebtar p\u00ebr t\u00eb reaguar ndaj cdo fatkeq\u00ebsie q\u00eb cenon kombin shqiptar. Kam jetuar dhe 48 or\u00eb pa buk\u00eb n\u00eb gurbet, kam q\u00ebndruar dhe posht\u00eb kamionit p\u00ebr Angli por du tu b\u00ebj thirrje [&hellip;]<\/p>\n","protected":false},"author":2030,"featured_media":243839,"comment_status":"closed","ping_status":"closed","sticky":false,"template":"","format":"standard","meta":{"footnotes":""},"categories":[241,3366,5380,231],"tags":[],"class_list":{"0":"post-243838","1":"post","2":"type-post","3":"status-publish","4":"format-standard","5":"has-post-thumbnail","7":"category-aktualitet","8":"category-koment","9":"category-kryesore","10":"category-lajme"},"_links":{"self":[{"href":"https:\/\/zjarr.tv\/en\/wp-json\/wp\/v2\/posts\/243838","targetHints":{"allow":["GET"]}}],"collection":[{"href":"https:\/\/zjarr.tv\/en\/wp-json\/wp\/v2\/posts"}],"about":[{"href":"https:\/\/zjarr.tv\/en\/wp-json\/wp\/v2\/types\/post"}],"author":[{"embeddable":true,"href":"https:\/\/zjarr.tv\/en\/wp-json\/wp\/v2\/users\/2030"}],"replies":[{"embeddable":true,"href":"https:\/\/zjarr.tv\/en\/wp-json\/wp\/v2\/comments?post=243838"}],"version-history":[{"count":0,"href":"https:\/\/zjarr.tv\/en\/wp-json\/wp\/v2\/posts\/243838\/revisions"}],"wp:featuredmedia":[{"embeddable":true,"href":"https:\/\/zjarr.tv\/en\/wp-json\/wp\/v2\/media\/243839"}],"wp:attachment":[{"href":"https:\/\/zjarr.tv\/en\/wp-json\/wp\/v2\/media?parent=243838"}],"wp:term":[{"taxonomy":"category","embeddable":true,"href":"https:\/\/zjarr.tv\/en\/wp-json\/wp\/v2\/categories?post=243838"},{"taxonomy":"post_tag","embeddable":true,"href":"https:\/\/zjarr.tv\/en\/wp-json\/wp\/v2\/tags?post=243838"}],"curies":[{"name":"wp","href":"https:\/\/api.w.org\/{rel}","templated":true}]}}