{"id":243842,"date":"2022-03-14T17:45:51","date_gmt":"2022-03-14T16:45:51","guid":{"rendered":"https:\/\/zjarr.tv\/?p=243842"},"modified":"2022-03-14T17:45:51","modified_gmt":"2022-03-14T16:45:51","slug":"zoti-e-di-cfare-kam-hequr-ato-dite-aktivistja-e-arrestuar-nga-policia-ne-proteste-i-bashkohet-tubimit-mesazh-administrates-ngrihuni-dreqi-ta-haje-kaq-shume-ua-ka-vrare-nervin","status":"publish","type":"post","link":"https:\/\/zjarr.tv\/en\/zoti-e-di-cfare-kam-hequr-ato-dite-aktivistja-e-arrestuar-nga-policia-ne-proteste-i-bashkohet-tubimit-mesazh-administrates-ngrihuni-dreqi-ta-haje-kaq-shume-ua-ka-vrare-nervin\/","title":{"rendered":"\u201cZoti e di \u00e7far\u00eb kam hequr ato dit\u00eb\u201d- Aktivistja e arrestuar nga policia n\u00eb protest\u00eb i bashkohet tubimit, mesazh administrat\u00ebs: Ngrihuni dreqi ta haj\u00eb, kaq shum\u00eb ua ka vrar\u00eb nervin?"},"content":{"rendered":"<p>Aktivistja Gjyljana Bakalli e cila u arrestua kat\u00ebr dit\u00eb m\u00eb par\u00eb n\u00eb protest\u00ebn e zhvilluar n\u00eb kryeqytet ishte s\u00ebrish sot n\u00eb sheshin para Kryeministris\u00eb pas lirimit nga qelia.<\/p>\n<p>\u201cM\u00eb vjen mir\u00eb q\u00eb ju shoh t\u00eb gjith\u00ebve duhet t\u00eb jemi m\u00eb shum\u00eb e m\u00eb shum\u00eb. Zoti e di ca kam hequr ato dit\u00eb por s\u2019kam p\u00ebr t\u2019u dor\u00ebzuar. Ata policet jan\u00eb v\u00ebllez\u00ebrit tan\u00eb e m\u00eb vjen keq p\u00ebr ta q\u00eb duhet t\u2019u binden ca kriminel\u00ebve\u201d, tha ajo. Aktivistja kishte dhe nje mesazh p\u00ebr punonj\u00ebsit e administrat\u00ebs shtet\u00ebrore.<\/p>\n<p>\u201cNes\u00ebr merrni dhe dy t\u00eb tjer\u00eb me vete bindini si i binda dhe un\u00eb prind\u00ebrit e mi po nuk u ngrit\u00ebt ata do na shtypin.<\/p>\n<p>K\u00ebtu nuk ka parti ai e di shum\u00eb mir\u00eb q\u00eb k\u00ebtu nuk ka parti edhe un\u00eb kam t\u00eb drejt\u00eb t\u00eb votoj. Kijeni parasysh dit\u00ebn kur t\u00eb votoni kush jan\u00eb k\u00ebta votoni me mend p\u00ebrndryshe do ngelemi gjithnj\u00eb e m\u00eb pak. T\u00eb gjith\u00eb rrezikojm\u00eb pun\u00ebn k\u00ebtu administrata ngrihuni dreqi ta haj\u00eb kur do \u00e7oheni? Kaq shum\u00eb ua ka vrar\u00eb nervin?<\/p>\n<p>Un\u00eb nuk do t\u00ebrhiqem p\u00ebr veten time dhe p\u00ebr ata q\u00eb jan\u00eb m\u00eb t\u00eb dob\u00ebt se un\u00eb se shteti i ka shtypur. Kijeni parasysh kur t\u00eb flini se n\u00eb k\u00ebt\u00eb vend po rrini p\u00ebr f\u00ebmij\u00ebt p\u00ebr veten askush s\u2019ka t\u00eb drejt\u00eb t\u00eb na d\u00ebboj\u00eb\u201d.<\/p>\n<p><img loading=\"lazy\" decoding=\"async\" class=\"alignnone size-medium wp-image-243844\" src=\"https:\/\/zjarr.tv\/wp-content\/uploads\/2022\/03\/Untitled-design-2022-03-14T174540.784-300x251.jpg\" alt=\"\" width=\"300\" height=\"251\" srcset=\"https:\/\/zjarr.tv\/wp-content\/uploads\/2022\/03\/Untitled-design-2022-03-14T174540.784-300x251.jpg 300w, https:\/\/zjarr.tv\/wp-content\/uploads\/2022\/03\/Untitled-design-2022-03-14T174540.784-768x644.jpg 768w, https:\/\/zjarr.tv\/wp-content\/uploads\/2022\/03\/Untitled-design-2022-03-14T174540.784-696x583.jpg 696w, https:\/\/zjarr.tv\/wp-content\/uploads\/2022\/03\/Untitled-design-2022-03-14T174540.784-501x420.jpg 501w, https:\/\/zjarr.tv\/wp-content\/uploads\/2022\/03\/Untitled-design-2022-03-14T174540.784.jpg 940w\" sizes=\"auto, (max-width: 300px) 100vw, 300px\" \/><\/p>","protected":false},"excerpt":{"rendered":"<p>Aktivistja Gjyljana Bakalli e cila u arrestua kat\u00ebr dit\u00eb m\u00eb par\u00eb n\u00eb protest\u00ebn e zhvilluar n\u00eb kryeqytet ishte s\u00ebrish sot n\u00eb sheshin para Kryeministris\u00eb pas lirimit nga qelia. \u201cM\u00eb vjen mir\u00eb q\u00eb ju shoh t\u00eb gjith\u00ebve duhet t\u00eb jemi m\u00eb shum\u00eb e m\u00eb shum\u00eb. Zoti e di ca kam hequr ato dit\u00eb por s\u2019kam p\u00ebr [&hellip;]<\/p>\n","protected":false},"author":2030,"featured_media":243843,"comment_status":"closed","ping_status":"closed","sticky":false,"template":"","format":"standard","meta":{"footnotes":""},"categories":[241,3366,5380,231],"tags":[],"class_list":{"0":"post-243842","1":"post","2":"type-post","3":"status-publish","4":"format-standard","5":"has-post-thumbnail","7":"category-aktualitet","8":"category-koment","9":"category-kryesore","10":"category-lajme"},"_links":{"self":[{"href":"https:\/\/zjarr.tv\/en\/wp-json\/wp\/v2\/posts\/243842","targetHints":{"allow":["GET"]}}],"collection":[{"href":"https:\/\/zjarr.tv\/en\/wp-json\/wp\/v2\/posts"}],"about":[{"href":"https:\/\/zjarr.tv\/en\/wp-json\/wp\/v2\/types\/post"}],"author":[{"embeddable":true,"href":"https:\/\/zjarr.tv\/en\/wp-json\/wp\/v2\/users\/2030"}],"replies":[{"embeddable":true,"href":"https:\/\/zjarr.tv\/en\/wp-json\/wp\/v2\/comments?post=243842"}],"version-history":[{"count":0,"href":"https:\/\/zjarr.tv\/en\/wp-json\/wp\/v2\/posts\/243842\/revisions"}],"wp:featuredmedia":[{"embeddable":true,"href":"https:\/\/zjarr.tv\/en\/wp-json\/wp\/v2\/media\/243843"}],"wp:attachment":[{"href":"https:\/\/zjarr.tv\/en\/wp-json\/wp\/v2\/media?parent=243842"}],"wp:term":[{"taxonomy":"category","embeddable":true,"href":"https:\/\/zjarr.tv\/en\/wp-json\/wp\/v2\/categories?post=243842"},{"taxonomy":"post_tag","embeddable":true,"href":"https:\/\/zjarr.tv\/en\/wp-json\/wp\/v2\/tags?post=243842"}],"curies":[{"name":"wp","href":"https:\/\/api.w.org\/{rel}","templated":true}]}}