{"id":243847,"date":"2022-03-14T17:55:07","date_gmt":"2022-03-14T16:55:07","guid":{"rendered":"https:\/\/zjarr.tv\/?p=243847"},"modified":"2022-03-14T17:55:07","modified_gmt":"2022-03-14T16:55:07","slug":"protesta-kunder-rritjes-se-cmimit-te-naftes-rama-replikon-serish-me-komentuesit","status":"publish","type":"post","link":"https:\/\/zjarr.tv\/en\/protesta-kunder-rritjes-se-cmimit-te-naftes-rama-replikon-serish-me-komentuesit\/","title":{"rendered":"Protesta kund\u00ebr rritjes s\u00eb \u00e7mimit t\u00eb naft\u00ebs\/ Rama replikon s\u00ebrish me komentuesit"},"content":{"rendered":"<p>N\u00eb nj\u00eb koh\u00eb kur me qindra qytetar\u00eb kan\u00eb dal\u00eb p\u00ebr t\u00eb gjasht\u00ebn dit\u00eb radhazi n\u00eb protest\u00eb kund\u00ebr rritjes s\u00eb \u00e7mimit t\u00eb karburantit dhe produkteve ushqimore, kryeministri Edi Rama ka replikuar s\u00ebrish me ndjek\u00ebsit n\u00eb Facebook.<\/p>\n<p>Nj\u00eb komentues, teksa ka shprehur shqet\u00ebsimin p\u00ebr rrijen e \u00e7mimeve, shprehet se ishte protesta ajo q\u00eb b\u00ebri q\u00eb \u00e7mimi i karburantit t\u00eb ulej. Kryeministri Rama i \u00ebsht\u00eb kthyer ashp\u00ebr duke e konsideruar at\u00eb si nj\u00eb protest\u00eb turpi p\u00ebr t\u00eb cil\u00ebn nuk l\u00ebvizte as gishtin e vog\u00ebl t\u00eb dor\u00ebs.<\/p>\n<p>\u201cMos ishte per protesten sot e kishim 300 lek litrin e naftes. Dhe asgje nga keto sdo beje..Edhe keto letra i ke, sa per te shuar zjarrin. Si na qenka kjo pune o naften o energjine. Me ca llogjike? Provo ta rritesh energjine e te behemi 300 mije ne shesh. Po je i zoti menaxhoje ne te kundert ik. Na tregon biberonin ti\u201d, thote komentuesi.<\/p>\n<p>\u201cPer ate proteste turpi nuk levizja as gishtin e vogel te dores une, po qofte per krizen e energjise qe e kam paralajmeruar kur disa thoshin kjo eshte loje dhe qofte per krizen e cmimeve nga lufta per te cilen e lajmerova qe ne fillim te javes se shkuar paketen e mbeshtetjes, qeveria eshte vene ne levizje kur ata qe protestojne sot flinin gjume! Sa per protesten ajo eshte nje turp kombetar, i organizuar nga sharlatane e delirante qe kujtojne se u erdhi ora dhe i furnizuar me njerez nga nongratat e shpallur e te pashpallur, nje amalgame qeniesh qe atdheun e dine shesh per te bere pershesh, e qe e bene Shqiperine te vetmit vend ne boten demokratike, ku protestohet per cmimet qe rriti lufta, tamam sic do t\u2019i donte Kremlini te tera sheshet e Europes sot, ku te tjeret protestojne kunder luftes ne Ukraine, e jo per pasojat e para te saj mbi cmimet!\u201d, replikon Rama.<\/p>","protected":false},"excerpt":{"rendered":"<p>N\u00eb nj\u00eb koh\u00eb kur me qindra qytetar\u00eb kan\u00eb dal\u00eb p\u00ebr t\u00eb gjasht\u00ebn dit\u00eb radhazi n\u00eb protest\u00eb kund\u00ebr rritjes s\u00eb \u00e7mimit t\u00eb karburantit dhe produkteve ushqimore, kryeministri Edi Rama ka replikuar s\u00ebrish me ndjek\u00ebsit n\u00eb Facebook. Nj\u00eb komentues, teksa ka shprehur shqet\u00ebsimin p\u00ebr rrijen e \u00e7mimeve, shprehet se ishte protesta ajo q\u00eb b\u00ebri q\u00eb \u00e7mimi i [&hellip;]<\/p>\n","protected":false},"author":2030,"featured_media":243848,"comment_status":"closed","ping_status":"closed","sticky":false,"template":"","format":"standard","meta":{"footnotes":""},"categories":[241,3366,5380,231,1454],"tags":[],"class_list":{"0":"post-243847","1":"post","2":"type-post","3":"status-publish","4":"format-standard","5":"has-post-thumbnail","7":"category-aktualitet","8":"category-koment","9":"category-kryesore","10":"category-lajme","11":"category-politike"},"_links":{"self":[{"href":"https:\/\/zjarr.tv\/en\/wp-json\/wp\/v2\/posts\/243847","targetHints":{"allow":["GET"]}}],"collection":[{"href":"https:\/\/zjarr.tv\/en\/wp-json\/wp\/v2\/posts"}],"about":[{"href":"https:\/\/zjarr.tv\/en\/wp-json\/wp\/v2\/types\/post"}],"author":[{"embeddable":true,"href":"https:\/\/zjarr.tv\/en\/wp-json\/wp\/v2\/users\/2030"}],"replies":[{"embeddable":true,"href":"https:\/\/zjarr.tv\/en\/wp-json\/wp\/v2\/comments?post=243847"}],"version-history":[{"count":0,"href":"https:\/\/zjarr.tv\/en\/wp-json\/wp\/v2\/posts\/243847\/revisions"}],"wp:featuredmedia":[{"embeddable":true,"href":"https:\/\/zjarr.tv\/en\/wp-json\/wp\/v2\/media\/243848"}],"wp:attachment":[{"href":"https:\/\/zjarr.tv\/en\/wp-json\/wp\/v2\/media?parent=243847"}],"wp:term":[{"taxonomy":"category","embeddable":true,"href":"https:\/\/zjarr.tv\/en\/wp-json\/wp\/v2\/categories?post=243847"},{"taxonomy":"post_tag","embeddable":true,"href":"https:\/\/zjarr.tv\/en\/wp-json\/wp\/v2\/tags?post=243847"}],"curies":[{"name":"wp","href":"https:\/\/api.w.org\/{rel}","templated":true}]}}