{"id":243859,"date":"2022-03-14T18:02:44","date_gmt":"2022-03-14T17:02:44","guid":{"rendered":"https:\/\/zjarr.tv\/?p=243859"},"modified":"2022-03-14T18:02:44","modified_gmt":"2022-03-14T17:02:44","slug":"ja-sheshi-ja-mejdani-ja-dhe-lulzim-kapedani-nga-ilir-gjini","status":"publish","type":"post","link":"https:\/\/zjarr.tv\/en\/ja-sheshi-ja-mejdani-ja-dhe-lulzim-kapedani-nga-ilir-gjini\/","title":{"rendered":"Ja sheshi, ja mejdani\u2026 ja dhe Lulzim \u201cKapedani\u201d &#8211; Nga Ilir Gjini"},"content":{"rendered":"<p>Ja sheshi, ja mejdani\u2026 ja dhe Lulzim \u201cKapedani\u201d. U desh votimi i 6 Marsit q\u00eb t\u00eb bindej edhe fanatiku m\u00eb ekstrem i Bash\u00ebs q\u00eb \u201clulzimi\u201d i kryetarit zyrtar t\u00eb opozit\u00ebs, u fishk nga votuesit e djatht\u00eb. N\u00eb taborin e p\u00ebrkrah\u00ebsve t\u00eb tij nuk i ka mbetur m\u00eb njeri. Jan\u00eb pik\u00ebrisht t\u00eb nj\u00ebjt\u00ebt q\u00eb tre muaj m\u00eb par\u00eb n\u00eb sall\u00ebn e Pallatit t\u00eb Kongreseve, kur me hesapin e Jemin Gjan\u00ebs u llogarit\u00ebn p\u00ebr an\u00ebtar\u00eb edhe kamarier\u00ebt e lokaleve p\u00ebrreth, q\u00eb me pompozitet deklaronin: Na prij Lulzim Basha! Po kur pan\u00eb q\u00eb prij\u00ebsit i kish \u201cdezertuar\u201d ushtria, menduan t\u00eb b\u00ebjn\u00eb kurban Bash\u00ebn. Nd\u00ebrkoh\u00eb q\u00eb Lulzimi q\u00eb kurr\u00eb nuk ka \u201chumbur\u201d asnj\u00eb betej\u00eb, po sajon lloj-lloj marifetesh q\u00eb t\u00eb mos shqis\u00eb t\u00eb ndenjurat nga karrigia.<\/p>\n<p>Kur humbi pas fushat\u00ebs skandaloze t\u00eb 2017 \u201cngriu\u201d. Rivalit Astrit Patozi nuk i dha mund\u00ebsin\u00eb as t\u00eb kandidonte. Pas humbjes s\u00eb 25 Prillit as e mendoi m\u00eb \u201cngrirjen\u201d. \u201cBeteja vazhdon\u201d &#8211; tha Lulzimi. Po n\u00eb vend t\u00eb betejes zgjodhi t\u00eb bashkoj\u00eb votat me regjimin p\u00ebr t\u2019i zgjatur jet\u00ebn Komisionit t\u00eb Vettingut, p\u00ebr t\u00eb cilin me t\u00eb drejt\u00eb dikur kishte th\u00ebn\u00eb se \u00ebsht\u00eb nj\u00eb mash\u00eb e Ram\u00ebs. U nis t\u00eb hiqte Ram\u00ebn dhe u bitis duke hequr Berish\u00ebn, me shpres\u00eb se servilosja ndaj ambasadores do ta p\u00ebrjet\u00ebsonte n\u00eb krye t\u00eb opozit\u00ebs. U nis t\u00eb shkat\u00ebronte \u201cTrek\u00ebnd\u00ebshin e Bermud\u00ebs\u201d dhe u bitis duke \u201cfituar\u201d vendin e tret\u00eb ngaq\u00eb n\u00eb gar\u00eb nuk kishte t\u00eb kat\u00ebrt.<\/p>\n<p>Tani q\u00eb anija e Lulit po fut uj\u00eb nga \u00e7do an\u00eb, t\u00eb gjith\u00eb po e braktisin p\u00ebr t\u2019i shp\u00ebtuar mbytjes. Nd\u00ebrkoh\u00eb q\u00eb Luli vazhdon me marifetet e dal\u00eb boje p\u00ebr t\u00eb mos l\u00ebshuar karrigen.\u00a0 \u201cPo reflektoj\u201d. \u201cDo b\u00ebj m\u00eb t\u00eb mir\u00ebn p\u00ebr partin\u00eb\u201d. Kur e shikon q\u00eb edhe Grupin Parlamentar nuk e ka m\u00eb, thot\u00eb do pyes kryetar\u00ebt e deg\u00ebve. T\u00eb vetmin forum q\u00eb Luli nuk pyet \u00ebsht\u00eb anar\u00ebsia e Partis\u00eb Demokratike. Sepse e di mir\u00eb q\u00eb \u00ebsht\u00eb n\u00eb minoranc\u00eb.<\/p>\n<p>Edhe ish-p\u00ebrkrah\u00ebsit e Lulit vazhdojn\u00eb t\u00eb sajojn\u00eb marifete q\u00eb t\u00eb shmangin gar\u00ebn. Askush nuk ka t\u00eb drejt\u00eb t\u00eb imponohet n\u00eb demokraci. As Luli, as Lulist\u00ebt dhe as ambasadorja. Vendos vota. N\u00ebse do m\u00eb pyesnin mua, do t\u00eb doja n\u00eb krye t\u00eb PD-s\u00eb Belind K\u00eblli\u00e7in, p\u00ebr t\u00eb provuar t\u00eb rinjt\u00eb. Po nuk kam as vot\u00eb dhe as t\u00eb drejt\u00eb t\u2019i k\u00ebrkoj Sali Berish\u00ebs q\u00eb mos t\u00eb kandidoj\u00eb. N\u00eb demokraci vendos shumica. Vet\u00ebm p\u00ebr Lulin jo.<\/p>\n<p>Sipas \u201cLulit\u201d t\u00eb voc\u00ebrr: Po the Luli n\u00ebnkupton partin\u00eb dhe po the partia n\u00ebnkupton Lulin.<\/p>\n<p>O Lulziiiiimmm\u2026 Ja sheshi, ja mejdani, merr votat Lulzim \u201cKapedani\u201d!<\/p>","protected":false},"excerpt":{"rendered":"<p>Ja sheshi, ja mejdani\u2026 ja dhe Lulzim \u201cKapedani\u201d. U desh votimi i 6 Marsit q\u00eb t\u00eb bindej edhe fanatiku m\u00eb ekstrem i Bash\u00ebs q\u00eb \u201clulzimi\u201d i kryetarit zyrtar t\u00eb opozit\u00ebs, u fishk nga votuesit e djatht\u00eb. N\u00eb taborin e p\u00ebrkrah\u00ebsve t\u00eb tij nuk i ka mbetur m\u00eb njeri. Jan\u00eb pik\u00ebrisht t\u00eb nj\u00ebjt\u00ebt q\u00eb tre muaj [&hellip;]<\/p>\n","protected":false},"author":2030,"featured_media":243860,"comment_status":"closed","ping_status":"closed","sticky":false,"template":"","format":"standard","meta":{"footnotes":""},"categories":[241,3366,5380,231],"tags":[],"class_list":{"0":"post-243859","1":"post","2":"type-post","3":"status-publish","4":"format-standard","5":"has-post-thumbnail","7":"category-aktualitet","8":"category-koment","9":"category-kryesore","10":"category-lajme"},"_links":{"self":[{"href":"https:\/\/zjarr.tv\/en\/wp-json\/wp\/v2\/posts\/243859","targetHints":{"allow":["GET"]}}],"collection":[{"href":"https:\/\/zjarr.tv\/en\/wp-json\/wp\/v2\/posts"}],"about":[{"href":"https:\/\/zjarr.tv\/en\/wp-json\/wp\/v2\/types\/post"}],"author":[{"embeddable":true,"href":"https:\/\/zjarr.tv\/en\/wp-json\/wp\/v2\/users\/2030"}],"replies":[{"embeddable":true,"href":"https:\/\/zjarr.tv\/en\/wp-json\/wp\/v2\/comments?post=243859"}],"version-history":[{"count":0,"href":"https:\/\/zjarr.tv\/en\/wp-json\/wp\/v2\/posts\/243859\/revisions"}],"wp:featuredmedia":[{"embeddable":true,"href":"https:\/\/zjarr.tv\/en\/wp-json\/wp\/v2\/media\/243860"}],"wp:attachment":[{"href":"https:\/\/zjarr.tv\/en\/wp-json\/wp\/v2\/media?parent=243859"}],"wp:term":[{"taxonomy":"category","embeddable":true,"href":"https:\/\/zjarr.tv\/en\/wp-json\/wp\/v2\/categories?post=243859"},{"taxonomy":"post_tag","embeddable":true,"href":"https:\/\/zjarr.tv\/en\/wp-json\/wp\/v2\/tags?post=243859"}],"curies":[{"name":"wp","href":"https:\/\/api.w.org\/{rel}","templated":true}]}}