{"id":243864,"date":"2022-03-14T21:16:24","date_gmt":"2022-03-14T20:16:24","guid":{"rendered":"https:\/\/zjarr.tv\/?p=243864"},"modified":"2022-03-14T21:16:24","modified_gmt":"2022-03-14T20:16:24","slug":"rama-une-nuk-tallem-me-njerezit-bej-sarkazem","status":"publish","type":"post","link":"https:\/\/zjarr.tv\/en\/rama-une-nuk-tallem-me-njerezit-bej-sarkazem\/","title":{"rendered":"Rama: Un\u00eb nuk tallem me njer\u00ebzit, b\u00ebj sarkaz\u00ebm"},"content":{"rendered":"<p>Kryeministri Edi Rama ka deklaruar s\u00ebrish mbr\u00ebmjen e sotme se taksa p\u00ebr karburantet nuk do t\u00eb hiqet, pavar\u00ebsisht protestave t\u00eb qytetar\u00ebve. <\/p>\n<p>Ai u shpreh se rritja e \u00e7mimeve erdhi si pasoj\u00eb e luft\u00ebs n\u00eb Ukrain\u00eb dhe se k\u00ebtu po flitet p\u00ebr nj\u00eb luft\u00eb t\u00eb 3-t\u00eb bot\u00ebrore, nd\u00ebrsa sipas tij protestuesit thon\u00eb \u201cpo na shp\u00ebtoi sot nuk e kapim m\u00eb\u201d <\/p>\n<p>Rama iu \u00ebsht\u00eb p\u00ebrgjigjur nj\u00eb qytetari se nuk tallet me popullin, por pranon se ndonj\u00ebher\u00eb b\u00ebn sarkaz\u00ebm. <\/p>\n<p>Rama:\u00a0Un\u00eb fare mir\u00eb mund t\u2019i injoroja, por p\u00ebr \u00e7far\u00eb e b\u00ebj? Arrogant\u00ebt q\u00eb p\u00ebrbuzin njer\u00ebzit, kan\u00eb si karakter shp\u00ebrfilljen e tyre. Un\u00eb e b\u00ebj k\u00ebt\u00eb se jam n\u00eb k\u00ebt\u00eb detyr\u00eb me pasionin e madh p\u00ebr ta b\u00ebr\u00eb k\u00ebt\u00eb pun\u00eb sa m\u00eb mir\u00eb dhe me ndjenj\u00ebn e lart\u00eb t\u00eb detyrimit, e atyre q\u00eb m\u00eb kan\u00eb v\u00ebn\u00eb k\u00ebtu. Nuk ka pasuri m\u00eb t\u00eb madhe se kjo p\u00ebr mua. <\/p>\n<p>Duke folur me \u201cmajli maljin\u201d kam folur edhe me t\u00eb tjer\u00ebt. Jo Malji kriza ka filluar m\u00eb par\u00eb, si nj\u00eb reagim i tregjeve pas ringritjes nga pandemia. Qeverit\u00eb jan\u00eb krijuar p\u00ebr t\u00eb administruar t\u00eb ardhurat q\u00eb shoq\u00ebria krijin p\u00ebr vendin , jo p\u00ebr vete. Tallet me popullin thot\u00eb ky tjetri: E para nuk tallem me njer\u00ebzit, se kam shum\u00eb respekt p\u00ebr ata q\u00eb m\u00eb kan\u00eb sjelle k\u00ebtu. T\u00eb gjitha k\u00ebto p\u00ebr mua jan\u00eb t\u00eb shtrenjta, ndonj\u00ebher\u00eb b\u00ebj sarkaz\u00ebm me personazhe. <\/p>\n<p>Me popullin tallen ata q\u00eb pafytyr\u00ebsin\u00eb e kan\u00eb ekstreme. Un\u00eb e quaj pozitive q\u00eb kryeministri t\u00eb t\u00ebrhiqet, e konsideroj burrni q\u00eb edhe t\u00eb k\u00ebrkosh ndjes\u00eb kur \u00ebsht\u00eb p\u00ebr t\u2019u k\u00ebrkuar. <\/p>\n<p>Merrini protestat dhe shihini si jan\u00eb zhvilluar, nuk po flas p\u00ebr q\u00eb t\u00eb q\u00eb t\u00eb fuste plumbin ballit dhe pastaj t\u00eb akuzonte p\u00ebr vrasje. <\/p>\n<p>K\u00ebtu flitet p\u00ebr luft\u00eb t\u00eb tet\u00eb bot\u00ebrore, k\u00ebta thon\u00eb po na shp\u00ebtoi sot nuk e kapim m\u00eb. K\u00ebshtu q\u00eb vazhdonin rrini n\u00eb protest\u00eb sa t\u00eb dini, 20 fish, 100 fish, nuk leviz asnj\u00eb taks\u00eb n\u00eb karburant, jo sepse nuk dua un\u00eb, por nuk b\u00ebhet dot. Kemi vendin me taksa m\u00eb t\u00eb ul\u00ebta dhe ky \u00ebsht\u00eb taks mbi individin dhe biznesin e vog\u00ebl.<\/p>","protected":false},"excerpt":{"rendered":"<p>Kryeministri Edi Rama ka deklaruar s\u00ebrish mbr\u00ebmjen e sotme se taksa p\u00ebr karburantet nuk do t\u00eb hiqet, pavar\u00ebsisht protestave t\u00eb qytetar\u00ebve. Ai u shpreh se rritja e \u00e7mimeve erdhi si pasoj\u00eb e luft\u00ebs n\u00eb Ukrain\u00eb dhe se k\u00ebtu po flitet p\u00ebr nj\u00eb luft\u00eb t\u00eb 3-t\u00eb bot\u00ebrore, nd\u00ebrsa sipas tij protestuesit thon\u00eb \u201cpo na shp\u00ebtoi sot [&hellip;]<\/p>\n","protected":false},"author":2031,"featured_media":243596,"comment_status":"closed","ping_status":"closed","sticky":false,"template":"","format":"standard","meta":{"footnotes":""},"categories":[231],"tags":[],"class_list":{"0":"post-243864","1":"post","2":"type-post","3":"status-publish","4":"format-standard","5":"has-post-thumbnail","7":"category-lajme"},"_links":{"self":[{"href":"https:\/\/zjarr.tv\/en\/wp-json\/wp\/v2\/posts\/243864","targetHints":{"allow":["GET"]}}],"collection":[{"href":"https:\/\/zjarr.tv\/en\/wp-json\/wp\/v2\/posts"}],"about":[{"href":"https:\/\/zjarr.tv\/en\/wp-json\/wp\/v2\/types\/post"}],"author":[{"embeddable":true,"href":"https:\/\/zjarr.tv\/en\/wp-json\/wp\/v2\/users\/2031"}],"replies":[{"embeddable":true,"href":"https:\/\/zjarr.tv\/en\/wp-json\/wp\/v2\/comments?post=243864"}],"version-history":[{"count":0,"href":"https:\/\/zjarr.tv\/en\/wp-json\/wp\/v2\/posts\/243864\/revisions"}],"wp:featuredmedia":[{"embeddable":true,"href":"https:\/\/zjarr.tv\/en\/wp-json\/wp\/v2\/media\/243596"}],"wp:attachment":[{"href":"https:\/\/zjarr.tv\/en\/wp-json\/wp\/v2\/media?parent=243864"}],"wp:term":[{"taxonomy":"category","embeddable":true,"href":"https:\/\/zjarr.tv\/en\/wp-json\/wp\/v2\/categories?post=243864"},{"taxonomy":"post_tag","embeddable":true,"href":"https:\/\/zjarr.tv\/en\/wp-json\/wp\/v2\/tags?post=243864"}],"curies":[{"name":"wp","href":"https:\/\/api.w.org\/{rel}","templated":true}]}}