{"id":243901,"date":"2022-03-15T01:45:08","date_gmt":"2022-03-15T00:45:08","guid":{"rendered":"https:\/\/zjarr.tv\/?p=243901"},"modified":"2022-03-15T08:45:38","modified_gmt":"2022-03-15T07:45:38","slug":"vili-minarolli-ja-si-mund-te-zgjidhet-situata-ne-pd-simbolin-e-pluralizmit-shqiptar-shtepise-se-demokrateve","status":"publish","type":"post","link":"https:\/\/zjarr.tv\/en\/vili-minarolli-ja-si-mund-te-zgjidhet-situata-ne-pd-simbolin-e-pluralizmit-shqiptar-shtepise-se-demokrateve\/","title":{"rendered":"Vili Minarolli: Ja si mund t\u00eb zgjidhet situata n\u00eb PD, simbolin e pluralizmit shqiptar, sht\u00ebpis\u00eb s\u00eb demokrat\u00ebve"},"content":{"rendered":"<p>T\u00eb dashur antar\u00eb t\u00eb PDSh, si ish- drejtues dhe ish deputet i PDSh, duke jetuar me shqet\u00ebsim t\u00eb thell\u00eb situat\u00ebn n\u00eb PDSh, si parti themel e pluralizmit n\u00eb Shqip\u00ebri, parti e liris\u00eb dhe demokracis\u00eb, e ndjej si detyrim t\u00eb shpreh mendimin tim p\u00ebr zgjidhjen e situat\u00ebs si m\u00eb posht\u00eb:<\/p>\n<p>T\u00eb largohet deputeti Lulzim Basha pa asnje kusht nga zyra e Kryetarit t\u00eb PD dhe ajo zyr\u00eb t\u00eb mbetet e mbyllur deri n\u00eb zgjedhjen e Kryetarit t\u00eb ri n\u00eb Kuvendin e 30 prillit.<\/p>\n<p>T\u00eb hapen dyert dhe t\u00eb hiqen blindat n\u00eb godin\u00ebn e PDSh, si sht\u00ebpia e \u00e7do demokrati.<\/p>\n<p>T\u00eb mblidhet i gjith\u00eb grupi parlamentar i PD dhe n\u00eb nj\u00eb deklarate publike t\u00eb anulloj\u00eb vendimin n\u00ebn presion t\u00eb ish kryetarit Basha p\u00ebr p\u00ebrjashtimin e zotit Berisha nga grupi parlamentar, si nj\u00eb vendim personal dhe antistatutor.<\/p>\n<p>4.T\u00eb zgjidhen drejtuesit e grupit parlamentar t\u00eb PD n\u00eb baz\u00eb t\u00eb statutit t\u00eb miratuar n\u00eb 11 dhjetor 2021.<\/p>\n<p>5.T\u00eb gjitha deg\u00ebt e PD n\u00eb rrethe t\u00eb hapin selit\u00eb p\u00ebr t\u00eb zhvilluar sipas statutit zgjedhjen e strukturave n\u00eb t\u00eb gjitha nivelet sipas parimit t\u00eb Primareve dhe nj\u00eb antar nj\u00eb vot\u00eb<\/p>\n<p>Grupi Parlamentar i PD t\u00eb deklaroj\u00eb publikisht se mb\u00ebshtet grupin e Rithemelit t\u00eb PDSh dhe vendimet e Kuvendit Komb\u00ebtar t\u00eb 11 dhjetorit 2021 dhe nuk njeh asnj\u00eb p\u00ebrjashtim nga t\u00eb qenit antar i PDSH. Shpreh bindjen se PDSH \u00ebsht\u00eb dhe do t\u00eb mbetet nj\u00eb vler\u00eb e \u00e7muar e pluralizmit shqiptar dhe nj\u00eb pasuri shpirt\u00ebrore e \u00e7do demokrati.<\/p>\n<p>Ish \u2013 Kryetar i PD p\u00ebr Tiran\u00ebn, An\u00ebtar i kryesis\u00eb s\u00eb PDSH Ish-Ambasador i RSH n\u00eb Vien\u00eb dhe Athin\u00eb<\/p>","protected":false},"excerpt":{"rendered":"<p>T\u00eb dashur antar\u00eb t\u00eb PDSh, si ish- drejtues dhe ish deputet i PDSh, duke jetuar me shqet\u00ebsim t\u00eb thell\u00eb situat\u00ebn n\u00eb PDSh, si parti themel e pluralizmit n\u00eb Shqip\u00ebri, parti e liris\u00eb dhe demokracis\u00eb, e ndjej si detyrim t\u00eb shpreh mendimin tim p\u00ebr zgjidhjen e situat\u00ebs si m\u00eb posht\u00eb: T\u00eb largohet deputeti Lulzim Basha pa [&hellip;]<\/p>\n","protected":false},"author":2031,"featured_media":243902,"comment_status":"closed","ping_status":"closed","sticky":false,"template":"","format":"standard","meta":{"footnotes":""},"categories":[231],"tags":[],"class_list":{"0":"post-243901","1":"post","2":"type-post","3":"status-publish","4":"format-standard","5":"has-post-thumbnail","7":"category-lajme"},"_links":{"self":[{"href":"https:\/\/zjarr.tv\/en\/wp-json\/wp\/v2\/posts\/243901","targetHints":{"allow":["GET"]}}],"collection":[{"href":"https:\/\/zjarr.tv\/en\/wp-json\/wp\/v2\/posts"}],"about":[{"href":"https:\/\/zjarr.tv\/en\/wp-json\/wp\/v2\/types\/post"}],"author":[{"embeddable":true,"href":"https:\/\/zjarr.tv\/en\/wp-json\/wp\/v2\/users\/2031"}],"replies":[{"embeddable":true,"href":"https:\/\/zjarr.tv\/en\/wp-json\/wp\/v2\/comments?post=243901"}],"version-history":[{"count":0,"href":"https:\/\/zjarr.tv\/en\/wp-json\/wp\/v2\/posts\/243901\/revisions"}],"wp:featuredmedia":[{"embeddable":true,"href":"https:\/\/zjarr.tv\/en\/wp-json\/wp\/v2\/media\/243902"}],"wp:attachment":[{"href":"https:\/\/zjarr.tv\/en\/wp-json\/wp\/v2\/media?parent=243901"}],"wp:term":[{"taxonomy":"category","embeddable":true,"href":"https:\/\/zjarr.tv\/en\/wp-json\/wp\/v2\/categories?post=243901"},{"taxonomy":"post_tag","embeddable":true,"href":"https:\/\/zjarr.tv\/en\/wp-json\/wp\/v2\/tags?post=243901"}],"curies":[{"name":"wp","href":"https:\/\/api.w.org\/{rel}","templated":true}]}}