{"id":244104,"date":"2022-03-15T18:32:50","date_gmt":"2022-03-15T17:32:50","guid":{"rendered":"https:\/\/zjarr.tv\/?p=244104"},"modified":"2022-03-15T18:32:50","modified_gmt":"2022-03-15T17:32:50","slug":"protesta-kunder-cmimeve-ironia-e-aktorit-florian-binaj-faleminderit-sponsorave-ruse-qe-na-nxorren-ketu-po-te-rinjte-qe-largohen-nga-shqiperia-kush-i-paguan","status":"publish","type":"post","link":"https:\/\/zjarr.tv\/en\/protesta-kunder-cmimeve-ironia-e-aktorit-florian-binaj-faleminderit-sponsorave-ruse-qe-na-nxorren-ketu-po-te-rinjte-qe-largohen-nga-shqiperia-kush-i-paguan\/","title":{"rendered":"Protesta kund\u00ebr \u00e7mimeve, ironia e aktorit Florian Binaj: Faleminderit sponsorave rus\u00eb q\u00eb na nxorr\u00ebn k\u00ebtu! Po t\u00eb rinjt\u00eb q\u00eb largohen nga Shqip\u00ebria, kush i paguan?"},"content":{"rendered":"<p>Aktori Florian Binaj, \u00ebsht\u00eb shprehur me ironi se protesta e qytetar\u00ebve kund\u00ebr rritjes s\u00eb \u00e7mimeve \u00ebsht\u00eb sponsorizuar nga Rusia.<\/p>\n<p>Gjat\u00eb fjal\u00ebs s\u00eb tij, ai thot\u00eb se n\u00ebse ata jan\u00eb sponsorizuar nga Rusia, po qytetar\u00ebt q\u00eb jan\u00eb larguar nga vendi yn\u00eb, kush i ka paguar.<\/p>\n<p>\u201cUn\u00eb dua t\u00eb b\u00ebj nj\u00eb fal\u00ebnderim p\u00ebr sponsorat rus\u00eb q\u00eb na b\u00ebn\u00eb t\u00eb mundur t\u00eb dalim n\u00eb protest\u00eb. E z\u00ebm\u00eb se ne paskemi marr\u00eb lek\u00eb nga Rusia, po ata q\u00eb kan\u00eb l\u00ebn\u00eb vendin dhe jan\u00eb larguar, kush i ka sponsorizuar. Rusia i ka sponsorizuar. Edhe Putin, ka opozit\u00eb. Por ky nuk e pyet fare. Kjo \u00ebsht\u00eb nj\u00eb betej\u00eb p\u00ebr t\u00eb v\u00ebrtet\u00ebn. E v\u00ebrteta do sjelli drejt\u00ebsin\u00eb. U b\u00ebj thirrje t\u00eb gjith\u00ebve, t\u00eb marshojm\u00eb t\u00eb shtun\u00ebn, p\u00ebr t\u2019i treguar se nuk na mbledh askush. Polic\u00ebve q\u00eb jan\u00eb k\u00ebtu, vuajn\u00eb nj\u00ebsoj si ne dhe ata\u201d \u2013 tha Binaj.<\/p>","protected":false},"excerpt":{"rendered":"<p>Aktori Florian Binaj, \u00ebsht\u00eb shprehur me ironi se protesta e qytetar\u00ebve kund\u00ebr rritjes s\u00eb \u00e7mimeve \u00ebsht\u00eb sponsorizuar nga Rusia. Gjat\u00eb fjal\u00ebs s\u00eb tij, ai thot\u00eb se n\u00ebse ata jan\u00eb sponsorizuar nga Rusia, po qytetar\u00ebt q\u00eb jan\u00eb larguar nga vendi yn\u00eb, kush i ka paguar. \u201cUn\u00eb dua t\u00eb b\u00ebj nj\u00eb fal\u00ebnderim p\u00ebr sponsorat rus\u00eb q\u00eb na [&hellip;]<\/p>\n","protected":false},"author":2030,"featured_media":244105,"comment_status":"closed","ping_status":"closed","sticky":false,"template":"","format":"standard","meta":{"footnotes":""},"categories":[241,3366,5380,231],"tags":[],"class_list":{"0":"post-244104","1":"post","2":"type-post","3":"status-publish","4":"format-standard","5":"has-post-thumbnail","7":"category-aktualitet","8":"category-koment","9":"category-kryesore","10":"category-lajme"},"_links":{"self":[{"href":"https:\/\/zjarr.tv\/en\/wp-json\/wp\/v2\/posts\/244104","targetHints":{"allow":["GET"]}}],"collection":[{"href":"https:\/\/zjarr.tv\/en\/wp-json\/wp\/v2\/posts"}],"about":[{"href":"https:\/\/zjarr.tv\/en\/wp-json\/wp\/v2\/types\/post"}],"author":[{"embeddable":true,"href":"https:\/\/zjarr.tv\/en\/wp-json\/wp\/v2\/users\/2030"}],"replies":[{"embeddable":true,"href":"https:\/\/zjarr.tv\/en\/wp-json\/wp\/v2\/comments?post=244104"}],"version-history":[{"count":0,"href":"https:\/\/zjarr.tv\/en\/wp-json\/wp\/v2\/posts\/244104\/revisions"}],"wp:featuredmedia":[{"embeddable":true,"href":"https:\/\/zjarr.tv\/en\/wp-json\/wp\/v2\/media\/244105"}],"wp:attachment":[{"href":"https:\/\/zjarr.tv\/en\/wp-json\/wp\/v2\/media?parent=244104"}],"wp:term":[{"taxonomy":"category","embeddable":true,"href":"https:\/\/zjarr.tv\/en\/wp-json\/wp\/v2\/categories?post=244104"},{"taxonomy":"post_tag","embeddable":true,"href":"https:\/\/zjarr.tv\/en\/wp-json\/wp\/v2\/tags?post=244104"}],"curies":[{"name":"wp","href":"https:\/\/api.w.org\/{rel}","templated":true}]}}