{"id":244108,"date":"2022-03-15T18:34:38","date_gmt":"2022-03-15T17:34:38","guid":{"rendered":"https:\/\/zjarr.tv\/?p=244108"},"modified":"2022-03-15T18:34:38","modified_gmt":"2022-03-15T17:34:38","slug":"te-mos-levizim-nga-sheshi-deri-sa-ta-shpetojme-shqiperine-protestuesi-kunder-paketes-se-rezistences-sociale-a-mund-te-ushqehesh-me-30-mije-leke-te-vjetra","status":"publish","type":"post","link":"https:\/\/zjarr.tv\/en\/te-mos-levizim-nga-sheshi-deri-sa-ta-shpetojme-shqiperine-protestuesi-kunder-paketes-se-rezistences-sociale-a-mund-te-ushqehesh-me-30-mije-leke-te-vjetra\/","title":{"rendered":"\u201cT\u00eb mos l\u00ebvizim nga sheshi deri sa ta shp\u00ebtojm\u00eb Shqip\u00ebrin\u00eb\u201d- Protestuesi kund\u00ebr paket\u00ebs s\u00eb rezistenc\u00ebs sociale: A mund t\u00eb ushqehesh me 30 mij\u00eb lek\u00eb t\u00eb vjetra?!"},"content":{"rendered":"<p>Nga bulevardi p\u00ebrball\u00eb kryeministris\u00eb nj\u00eb protestues i k\u00ebrkoi qytetar\u00ebve shqiptar\u00eb q\u00eb t\u00eb protestojn\u00eb pa pushim n\u00eb m\u00ebnyr\u00eb q\u00eb p\u00ebr her\u00eb t\u00eb par\u00eb ta shp\u00ebtojn\u00eb Shqip\u00ebrin\u00eb.<\/p>\n<p>Teksa e cil\u00ebsoi situat\u00ebn ekonomike n\u00eb vend si tep\u00ebr t\u00eb r\u00ebnd\u00eb, ai theksoi se 30 mij\u00eb lek\u00eb t\u00eb vjetra t\u00eb dh\u00ebn\u00eb nga qeveria si pjes\u00eb e paket\u00ebs s\u00eb rezistenc\u00ebs sociale nuk mjaftojn\u00eb q\u00eb nj\u00eb person t\u00eb ushqehet.<\/p>\n<p>\u201cPiktori tha se 30 mij\u00eb lek\u00eb t\u00eb vjetra mjaftojn\u00eb q\u00eb t\u00eb ushqehen. Sa prej jush jan\u00eb familjar k\u00ebtu? A mund t\u00eb ushqehesh me 30 mij\u00eb lek\u00eb t\u00eb vjetra. Thot\u00eb q\u00eb ne jemi n\u00eb luft\u00eb. Me k\u00eb jemi n\u00eb luft\u00eb, pse duhet t\u2019i p\u00ebrballojm\u00eb ne k\u00ebto pasoja?<\/p>\n<p>Piktori \u00ebsht\u00eb nj\u00eb njeri pa atdhe, pasi po t\u00eb ishte me atdhe nuk do linte popullin e tij n\u00eb rrug\u00eb dhe ta arrestonte. Deri kur do shkohet n\u00eb k\u00ebt\u00eb far\u00eb forme. A jemi n\u00eb gjendje t\u00eb protestojm\u00eb dhe mos t\u00eb l\u00ebvizim dhe p\u00ebr her\u00eb t\u00eb par\u00eb t\u00eb shp\u00ebtojm\u00eb Shqip\u00ebrin\u00eb\u201d, tha ai.<\/p>","protected":false},"excerpt":{"rendered":"<p>Nga bulevardi p\u00ebrball\u00eb kryeministris\u00eb nj\u00eb protestues i k\u00ebrkoi qytetar\u00ebve shqiptar\u00eb q\u00eb t\u00eb protestojn\u00eb pa pushim n\u00eb m\u00ebnyr\u00eb q\u00eb p\u00ebr her\u00eb t\u00eb par\u00eb ta shp\u00ebtojn\u00eb Shqip\u00ebrin\u00eb. Teksa e cil\u00ebsoi situat\u00ebn ekonomike n\u00eb vend si tep\u00ebr t\u00eb r\u00ebnd\u00eb, ai theksoi se 30 mij\u00eb lek\u00eb t\u00eb vjetra t\u00eb dh\u00ebn\u00eb nga qeveria si pjes\u00eb e paket\u00ebs s\u00eb rezistenc\u00ebs sociale [&hellip;]<\/p>\n","protected":false},"author":2030,"featured_media":244109,"comment_status":"closed","ping_status":"closed","sticky":false,"template":"","format":"standard","meta":{"footnotes":""},"categories":[241,3366,5380,231],"tags":[],"class_list":{"0":"post-244108","1":"post","2":"type-post","3":"status-publish","4":"format-standard","5":"has-post-thumbnail","7":"category-aktualitet","8":"category-koment","9":"category-kryesore","10":"category-lajme"},"_links":{"self":[{"href":"https:\/\/zjarr.tv\/en\/wp-json\/wp\/v2\/posts\/244108","targetHints":{"allow":["GET"]}}],"collection":[{"href":"https:\/\/zjarr.tv\/en\/wp-json\/wp\/v2\/posts"}],"about":[{"href":"https:\/\/zjarr.tv\/en\/wp-json\/wp\/v2\/types\/post"}],"author":[{"embeddable":true,"href":"https:\/\/zjarr.tv\/en\/wp-json\/wp\/v2\/users\/2030"}],"replies":[{"embeddable":true,"href":"https:\/\/zjarr.tv\/en\/wp-json\/wp\/v2\/comments?post=244108"}],"version-history":[{"count":0,"href":"https:\/\/zjarr.tv\/en\/wp-json\/wp\/v2\/posts\/244108\/revisions"}],"wp:featuredmedia":[{"embeddable":true,"href":"https:\/\/zjarr.tv\/en\/wp-json\/wp\/v2\/media\/244109"}],"wp:attachment":[{"href":"https:\/\/zjarr.tv\/en\/wp-json\/wp\/v2\/media?parent=244108"}],"wp:term":[{"taxonomy":"category","embeddable":true,"href":"https:\/\/zjarr.tv\/en\/wp-json\/wp\/v2\/categories?post=244108"},{"taxonomy":"post_tag","embeddable":true,"href":"https:\/\/zjarr.tv\/en\/wp-json\/wp\/v2\/tags?post=244108"}],"curies":[{"name":"wp","href":"https:\/\/api.w.org\/{rel}","templated":true}]}}