{"id":244727,"date":"2022-03-17T22:59:48","date_gmt":"2022-03-17T21:59:48","guid":{"rendered":"https:\/\/zjarr.tv\/?p=244727"},"modified":"2022-03-17T22:59:48","modified_gmt":"2022-03-17T21:59:48","slug":"kryemadhi-nese-do-te-fitonim-do-shkeputesha-nga-politika-meta-do-merrte-mandatin-e-dyte","status":"publish","type":"post","link":"https:\/\/zjarr.tv\/en\/kryemadhi-nese-do-te-fitonim-do-shkeputesha-nga-politika-meta-do-merrte-mandatin-e-dyte\/","title":{"rendered":"Kryemadhi: N\u00ebse do t\u00eb fitonim, do shk\u00ebputesha nga politika, Meta do merrte mandatin e dyt\u00eb"},"content":{"rendered":"<p>E ftuar n\u00eb emisionin \u2018Dekalog\u2019, kryetarja e LSI, Monika Kryemadhi ka zbuluar planin e saj pas 25 prillit n\u00ebse opozita do t\u00eb kishte fituar zgjedhjet. <\/p>\n<p>Ajo tha se plani i saj ishte shk\u00ebputja p\u00ebrfundimtare nga politika, nj\u00eb mandat i dyt\u00eb p\u00ebr Ilir Met\u00ebn president dhe l\u00ebnia e LSI n\u00eb dor\u00ebn e figurave t\u00eb reja q\u00eb ishin n\u00eb listat e 25 prillit. <\/p>\n<p>\u2018Zgjedhjet e 25 prillit ishin nj\u00eb shk\u00ebputje p\u00ebrfundimtare p\u00ebr Monika Kryemadhin nga politika. Ne do t\u00eb \u00e7onim n\u00eb qeverisje LSI me PD, ku zoti basha do t\u00eb b\u00ebhej kryeminist\u00ebr, m\u00eb pas zoti Meta do t\u00eb merrte mandatin e dyt\u00eb t\u00eb presidentit dhe un\u00eb do t\u00eb shkoja n\u00eb pozicionin si bashk\u00ebshortja e presidentit dhe do t\u00eb t\u00ebrhiqesha nga politika.<\/p>\n<p> Dhe kjo ishte nj\u00eb nga arsyet q\u00eb n\u00eb listat e LSI ishin 99 % me t\u00eb rinj. Me 3-4 element\u00eb t\u00eb themelimit t\u00eb LSI q\u00eb ishin pjes\u00eb e themelimit. <\/p>\n<p>E gjith\u00eb pjesa tjet\u00ebr ishin komplet t\u00eb rinj.<\/p>\n<p>Ishin nga bota akademike, profesionist\u00eb t\u00eb rinj, t\u00eb shkolluar jasht\u00eb shtetit. <\/p>\n<p>Kjo ishte dhe arsyeja q\u00eb n\u00eb si LSI po i jepnim nj\u00eb hap\u00ebsir\u00eb zotit Basha p\u00ebr ta marr\u00eb PD, p\u00ebr t\u00eb th\u00ebn\u00eb q\u00eb ky \u00ebsht\u00eb kryetari i PD\u2019.<\/p>","protected":false},"excerpt":{"rendered":"<p>E ftuar n\u00eb emisionin \u2018Dekalog\u2019, kryetarja e LSI, Monika Kryemadhi ka zbuluar planin e saj pas 25 prillit n\u00ebse opozita do t\u00eb kishte fituar zgjedhjet. Ajo tha se plani i saj ishte shk\u00ebputja p\u00ebrfundimtare nga politika, nj\u00eb mandat i dyt\u00eb p\u00ebr Ilir Met\u00ebn president dhe l\u00ebnia e LSI n\u00eb dor\u00ebn e figurave t\u00eb reja q\u00eb [&hellip;]<\/p>\n","protected":false},"author":2031,"featured_media":244647,"comment_status":"closed","ping_status":"closed","sticky":false,"template":"","format":"standard","meta":{"footnotes":""},"categories":[231],"tags":[],"class_list":{"0":"post-244727","1":"post","2":"type-post","3":"status-publish","4":"format-standard","5":"has-post-thumbnail","7":"category-lajme"},"_links":{"self":[{"href":"https:\/\/zjarr.tv\/en\/wp-json\/wp\/v2\/posts\/244727","targetHints":{"allow":["GET"]}}],"collection":[{"href":"https:\/\/zjarr.tv\/en\/wp-json\/wp\/v2\/posts"}],"about":[{"href":"https:\/\/zjarr.tv\/en\/wp-json\/wp\/v2\/types\/post"}],"author":[{"embeddable":true,"href":"https:\/\/zjarr.tv\/en\/wp-json\/wp\/v2\/users\/2031"}],"replies":[{"embeddable":true,"href":"https:\/\/zjarr.tv\/en\/wp-json\/wp\/v2\/comments?post=244727"}],"version-history":[{"count":0,"href":"https:\/\/zjarr.tv\/en\/wp-json\/wp\/v2\/posts\/244727\/revisions"}],"wp:featuredmedia":[{"embeddable":true,"href":"https:\/\/zjarr.tv\/en\/wp-json\/wp\/v2\/media\/244647"}],"wp:attachment":[{"href":"https:\/\/zjarr.tv\/en\/wp-json\/wp\/v2\/media?parent=244727"}],"wp:term":[{"taxonomy":"category","embeddable":true,"href":"https:\/\/zjarr.tv\/en\/wp-json\/wp\/v2\/categories?post=244727"},{"taxonomy":"post_tag","embeddable":true,"href":"https:\/\/zjarr.tv\/en\/wp-json\/wp\/v2\/tags?post=244727"}],"curies":[{"name":"wp","href":"https:\/\/api.w.org\/{rel}","templated":true}]}}