{"id":245575,"date":"2022-03-21T18:26:08","date_gmt":"2022-03-21T17:26:08","guid":{"rendered":"https:\/\/zjarr.tv\/?p=245575"},"modified":"2022-03-21T18:26:08","modified_gmt":"2022-03-21T17:26:08","slug":"tritan-shehu-reagon-per-doreheqjen-e-bashes-mund-te-rikandidoje-cdo-anetar-i-pd","status":"publish","type":"post","link":"https:\/\/zjarr.tv\/en\/tritan-shehu-reagon-per-doreheqjen-e-bashes-mund-te-rikandidoje-cdo-anetar-i-pd\/","title":{"rendered":"Tritan Shehu reagon p\u00ebr dor\u00ebheqjen e Bash\u00ebs: Mund t\u00eb rikandidoj\u00eb \u00e7do an\u00ebtar i PD"},"content":{"rendered":"<p>Deputeti demokrat Tritan Shehu ka reaguar p\u00ebr dor\u00ebheqjen e Lulzim Bash\u00ebs nga drejtimi i Partis\u00eb Demokratike.<\/p>\n<p>Ai u shpreh n\u00eb nj\u00eb intervist\u00eb p\u00ebr \u201cFaxweb\u201d se tashm\u00eb kryetari i ri do t\u00eb zgjidhet nga vota e an\u00ebtar\u00ebsis\u00eb dhe se \u00e7do an\u00ebtar i PD mund t\u00eb rikandidoj\u00eb p\u00ebr t\u00eb marr\u00eb drejtimin e k\u00ebsaj force politike.<\/p>\n<p>\u201cDo t\u00eb vendosim kush do t\u00eb jet\u00eb n\u00eb krye t\u00eb PD-s\u00eb. Cdo an\u00ebtar i PD mund t\u00eb rikandidoj\u00eb, ne nuk p\u00ebrjashtojm\u00eb ask\u00ebnd, si\u00e7 b\u00ebri Basha. PD \u00ebsht\u00eb e hapur nga t\u00eb gjith\u00eb as nuk p\u00ebrjashton njeri pastaj vota vendos kush \u00ebsht\u00eb kryetar, n\u00ebnkryetar etj.<\/p>\n<p>PD ka vetem nj\u00eb forum drejtues, PD e \u00ebsht\u00eb e gjitha e drejtuar nga Komisioni i Rithemelimit, t\u00eb gjith\u00eb deputet\u00ebt jan\u00eb t\u00eb lutur t\u00eb vijn\u00eb p\u00ebr tu b\u00ebr\u00eb s\u00eb bashku. P\u00ebr t\u00eb normalizuar gjendjen nga grupi parlamentar. At\u00eb do ta vendosim m\u00eb dat\u00ebn 30 prill kemi Kuvendin vet\u00ebm vota e an\u00ebtar\u00ebsis\u00eb do t\u00eb vendops\u00eb kush do t\u00eb jet\u00eb duke e konsoliduar PD-n\u00eb\u201d, tha Shehu.<\/p>","protected":false},"excerpt":{"rendered":"<p>Deputeti demokrat Tritan Shehu ka reaguar p\u00ebr dor\u00ebheqjen e Lulzim Bash\u00ebs nga drejtimi i Partis\u00eb Demokratike. Ai u shpreh n\u00eb nj\u00eb intervist\u00eb p\u00ebr \u201cFaxweb\u201d se tashm\u00eb kryetari i ri do t\u00eb zgjidhet nga vota e an\u00ebtar\u00ebsis\u00eb dhe se \u00e7do an\u00ebtar i PD mund t\u00eb rikandidoj\u00eb p\u00ebr t\u00eb marr\u00eb drejtimin e k\u00ebsaj force politike. \u201cDo t\u00eb [&hellip;]<\/p>\n","protected":false},"author":2030,"featured_media":245576,"comment_status":"closed","ping_status":"closed","sticky":false,"template":"","format":"standard","meta":{"footnotes":""},"categories":[241,3366,5380,231,1454],"tags":[],"class_list":{"0":"post-245575","1":"post","2":"type-post","3":"status-publish","4":"format-standard","5":"has-post-thumbnail","7":"category-aktualitet","8":"category-koment","9":"category-kryesore","10":"category-lajme","11":"category-politike"},"_links":{"self":[{"href":"https:\/\/zjarr.tv\/en\/wp-json\/wp\/v2\/posts\/245575","targetHints":{"allow":["GET"]}}],"collection":[{"href":"https:\/\/zjarr.tv\/en\/wp-json\/wp\/v2\/posts"}],"about":[{"href":"https:\/\/zjarr.tv\/en\/wp-json\/wp\/v2\/types\/post"}],"author":[{"embeddable":true,"href":"https:\/\/zjarr.tv\/en\/wp-json\/wp\/v2\/users\/2030"}],"replies":[{"embeddable":true,"href":"https:\/\/zjarr.tv\/en\/wp-json\/wp\/v2\/comments?post=245575"}],"version-history":[{"count":0,"href":"https:\/\/zjarr.tv\/en\/wp-json\/wp\/v2\/posts\/245575\/revisions"}],"wp:featuredmedia":[{"embeddable":true,"href":"https:\/\/zjarr.tv\/en\/wp-json\/wp\/v2\/media\/245576"}],"wp:attachment":[{"href":"https:\/\/zjarr.tv\/en\/wp-json\/wp\/v2\/media?parent=245575"}],"wp:term":[{"taxonomy":"category","embeddable":true,"href":"https:\/\/zjarr.tv\/en\/wp-json\/wp\/v2\/categories?post=245575"},{"taxonomy":"post_tag","embeddable":true,"href":"https:\/\/zjarr.tv\/en\/wp-json\/wp\/v2\/tags?post=245575"}],"curies":[{"name":"wp","href":"https:\/\/api.w.org\/{rel}","templated":true}]}}