{"id":245623,"date":"2022-03-22T00:16:48","date_gmt":"2022-03-21T23:16:48","guid":{"rendered":"https:\/\/zjarr.tv\/?p=245623"},"modified":"2022-03-22T00:16:48","modified_gmt":"2022-03-21T23:16:48","slug":"ikja-jo-aq-e-padjallezuar-e-bashes-patozi-eshte-heret-per-tu-gezuar","status":"publish","type":"post","link":"https:\/\/zjarr.tv\/en\/ikja-jo-aq-e-padjallezuar-e-bashes-patozi-eshte-heret-per-tu-gezuar\/","title":{"rendered":"\u201cIkja jo aq e padjall\u00ebzuar e Bash\u00ebs\u201d, Patozi: \u00cbsht\u00eb her\u00ebt p\u00ebr t\u2019u g\u00ebzuar!"},"content":{"rendered":"<p>Ish kryetari i Bindjes Demokratike, Astrit Patozi, ka reaguar pas dor\u00ebheqjes s\u00eb Lulzim Bash\u00ebs si kryetari i Partis\u00eb Demokratike. <\/p>\n<p>P\u00ebrmes nj\u00eb postimi n\u00eb \u201cFacebook\u201d, Patozi thekson se \u00ebsht\u00eb\u00a0 shum\u00eb her\u00ebt q\u00eb k\u00ebt\u00eb hor\u00ebheqje ta shohim si nj\u00eb \u00e7lirim t\u00eb madh p\u00ebr fatin e m\u00ebtejsh\u00ebm t\u00eb Partis\u00eb Demokratike. <\/p>\n<p>Sipas tij ika e Bash\u00ebs ka shtuar dhe m\u00eb shum\u00eb pik\u00ebpyetjet, pasi ka l\u00ebnn\u00eb pas \u201cnj\u00eb fush\u00eb t\u00eb minuar\u201d. <\/p>\n<p>\u201c\u00cbSHT\u00cb HER\u00cbT P\u00cbR T\u2019U G\u00cbZUAR NGA IKJA E BASH\u00cbS <\/p>\n<p>Dor\u00ebheqja e Lulzim Bash\u00ebs ishte e pritshme, madje tmerr\u00ebsisht e vonuar. Dhe si \u00e7do gj\u00eb n\u00eb k\u00ebt\u00eb bot\u00eb q\u00eb zvarritet gjat\u00eb nuk \u00ebsht\u00eb e th\u00ebn\u00eb patjet\u00ebr q\u00eb t\u00eb b\u00ebj\u00eb mir\u00eb edhe kur m\u00eb n\u00eb fund litari k\u00ebputet. <\/p>\n<p>Ndaj \u00ebsht\u00eb shum\u00eb her\u00ebt p\u00ebr ta par\u00eb at\u00eb si nj\u00eb \u00e7lirim t\u00eb madh p\u00ebr fatin e m\u00ebtejsh\u00ebm t\u00eb Partis\u00eb Demokratike. <\/p>\n<p>Mendoj se ajo i ka shtuar edhe m\u00eb shum\u00eb pik\u00ebpyetjet p\u00ebr perspektiv\u00ebn e saj politike, pasi ka l\u00ebn\u00eb prapa nj\u00eb fush\u00eb t\u00eb minuar. <\/p>\n<p>Tani varet shum\u00eb se si do ta lexojn\u00eb protagonist\u00ebt e tjer\u00eb ikjen jo aq t\u00eb padjall\u00ebzuar t\u00eb kryetarit tashm\u00eb t\u00eb larguar nga zyra e selis\u00eb s\u00eb PD\u201d, shkruan ai.<\/p>","protected":false},"excerpt":{"rendered":"<p>Ish kryetari i Bindjes Demokratike, Astrit Patozi, ka reaguar pas dor\u00ebheqjes s\u00eb Lulzim Bash\u00ebs si kryetari i Partis\u00eb Demokratike. P\u00ebrmes nj\u00eb postimi n\u00eb \u201cFacebook\u201d, Patozi thekson se \u00ebsht\u00eb\u00a0 shum\u00eb her\u00ebt q\u00eb k\u00ebt\u00eb hor\u00ebheqje ta shohim si nj\u00eb \u00e7lirim t\u00eb madh p\u00ebr fatin e m\u00ebtejsh\u00ebm t\u00eb Partis\u00eb Demokratike. Sipas tij ika e Bash\u00ebs ka shtuar dhe [&hellip;]<\/p>\n","protected":false},"author":2031,"featured_media":182814,"comment_status":"closed","ping_status":"closed","sticky":false,"template":"","format":"standard","meta":{"footnotes":""},"categories":[231],"tags":[],"class_list":{"0":"post-245623","1":"post","2":"type-post","3":"status-publish","4":"format-standard","5":"has-post-thumbnail","7":"category-lajme"},"_links":{"self":[{"href":"https:\/\/zjarr.tv\/en\/wp-json\/wp\/v2\/posts\/245623","targetHints":{"allow":["GET"]}}],"collection":[{"href":"https:\/\/zjarr.tv\/en\/wp-json\/wp\/v2\/posts"}],"about":[{"href":"https:\/\/zjarr.tv\/en\/wp-json\/wp\/v2\/types\/post"}],"author":[{"embeddable":true,"href":"https:\/\/zjarr.tv\/en\/wp-json\/wp\/v2\/users\/2031"}],"replies":[{"embeddable":true,"href":"https:\/\/zjarr.tv\/en\/wp-json\/wp\/v2\/comments?post=245623"}],"version-history":[{"count":0,"href":"https:\/\/zjarr.tv\/en\/wp-json\/wp\/v2\/posts\/245623\/revisions"}],"wp:featuredmedia":[{"embeddable":true,"href":"https:\/\/zjarr.tv\/en\/wp-json\/wp\/v2\/media\/182814"}],"wp:attachment":[{"href":"https:\/\/zjarr.tv\/en\/wp-json\/wp\/v2\/media?parent=245623"}],"wp:term":[{"taxonomy":"category","embeddable":true,"href":"https:\/\/zjarr.tv\/en\/wp-json\/wp\/v2\/categories?post=245623"},{"taxonomy":"post_tag","embeddable":true,"href":"https:\/\/zjarr.tv\/en\/wp-json\/wp\/v2\/tags?post=245623"}],"curies":[{"name":"wp","href":"https:\/\/api.w.org\/{rel}","templated":true}]}}